{"id":63,"date":"2023-10-01T11:12:02","date_gmt":"2023-10-01T08:12:02","guid":{"rendered":"https:\/\/kolon-guclendirme.com\/balikesir\/balikesir-gomec-carbon-kece-teras-kaplama-fiyati-6950\/"},"modified":"2023-10-01T11:12:02","modified_gmt":"2023-10-01T08:12:02","slug":"balikesir-gomec-carbon-kece-teras-kaplama-fiyati-6950","status":"publish","type":"post","link":"https:\/\/kolon-guclendirme.com\/balikesir\/balikesir-gomec-carbon-kece-teras-kaplama-fiyati-6950\/","title":{"rendered":"Bal\u0131kesir G\u00f6me\u00e7 Carbon ke\u00e7e teras kaplama fiyat\u0131"},"content":{"rendered":"<p>Bal\u0131kesir G\u00f6me\u00e7 Carbon ke\u00e7e teras kaplama fiyat\u0131 6950 Erdek Frp ke\u00e7e kiri\u015f g\u00fc\u00e7lendirme maliyeti 7207, Bal\u0131kesir Zemin karbon ke\u00e7e kaplama maliyeti 9408, Balya Frp balkon g\u00fc\u00e7lendirme firmalar\u0131 9645, Kepsut Kiri\u015f karbon fiber kaplama 2552, Edremit 5 katl\u0131 yap\u0131 g\u00fc\u00e7lendirme firmalar\u0131 4956, S\u0131nd\u0131rg\u0131 Frp fiber zemin kaplama 228 Bal\u0131kesir ve Havran de Hizmet vermekteyiz Karbon Fiber Kolon Kiri\u015f G\u00fc\u00e7lendirme i\u015flerinizde En uygun Fiyat Kaliteli i\u015f\u00e7ilik i\u00e7in 7\/24 Saat Firmam\u0131z ile ileti\u015fime Ge\u00e7ebilirsiniz www.arckarbonguclendirme.com +905427483855<\/p>\n<p>        <!-- \/wp:paragraph --><\/p>\n<div id='gallery-1' class='gallery galleryid-63 gallery-columns-2 gallery-size-large'><figure class='gallery-item'>\n\t\t\t<div class='gallery-icon portrait'>\n\t\t\t\t<a href='https:\/\/kolon-guclendirme.com\/balikesir\/wp-content\/uploads\/sites\/19\/2023\/09\/Balikesir-Carbon-lif-zemin-guclendirme-ustasi-76026.webp'><img loading=\"lazy\" decoding=\"async\" width=\"853\" height=\"1200\" src=\"https:\/\/kolon-guclendirme.com\/balikesir\/wp-content\/uploads\/sites\/19\/2023\/09\/Balikesir-Carbon-lif-zemin-guclendirme-ustasi-76026.webp\" class=\"attachment-large size-large\" alt=\"\" srcset=\"https:\/\/kolon-guclendirme.com\/balikesir\/wp-content\/uploads\/sites\/19\/2023\/09\/Balikesir-Carbon-lif-zemin-guclendirme-ustasi-76026.webp 853w, https:\/\/kolon-guclendirme.com\/balikesir\/wp-content\/uploads\/sites\/19\/2023\/09\/Balikesir-Carbon-lif-zemin-guclendirme-ustasi-76026-768x1080.webp 768w\" sizes=\"(max-width: 853px) 100vw, 853px\" \/><\/a>\n\t\t\t<\/div><\/figure><figure class='gallery-item'>\n\t\t\t<div class='gallery-icon portrait'>\n\t\t\t\t<a href='https:\/\/kolon-guclendirme.com\/balikesir\/wp-content\/uploads\/sites\/19\/2023\/09\/Balikesir-Tavan-karbon-kaplama-ustasi-88310.webp'><img loading=\"lazy\" decoding=\"async\" width=\"853\" height=\"1200\" src=\"https:\/\/kolon-guclendirme.com\/balikesir\/wp-content\/uploads\/sites\/19\/2023\/09\/Balikesir-Tavan-karbon-kaplama-ustasi-88310.webp\" class=\"attachment-large size-large\" alt=\"Ayval\u0131k Frp fiber teras g\u00fc\u00e7lendirme maliyeti\" srcset=\"https:\/\/kolon-guclendirme.com\/balikesir\/wp-content\/uploads\/sites\/19\/2023\/09\/Balikesir-Tavan-karbon-kaplama-ustasi-88310.webp 853w, https:\/\/kolon-guclendirme.com\/balikesir\/wp-content\/uploads\/sites\/19\/2023\/09\/Balikesir-Tavan-karbon-kaplama-ustasi-88310-768x1080.webp 768w\" sizes=\"(max-width: 853px) 100vw, 853px\" \/><\/a>\n\t\t\t<\/div><\/figure>\n\t\t<\/div>\n\n","protected":false},"excerpt":{"rendered":"<p>Bal\u0131kesir G\u00f6me\u00e7 Carbon ke\u00e7e teras kaplama fiyat\u0131 6950 Erdek Frp ke\u00e7e kiri\u015f g\u00fc\u00e7lendirme maliyeti 7207, Bal\u0131kesir Zemin karbon ke\u00e7e kaplama maliyeti 9408, Balya Frp balkon g\u00fc\u00e7lendirme firmalar\u0131 9645, Kepsut Kiri\u015f &#8230;<\/p>\n","protected":false},"author":1,"featured_media":1614,"comment_status":"open","ping_status":"open","sticky":false,"template":"","format":"standard","meta":{"footnotes":""},"categories":[1],"tags":[38,108,9,44,28],"_links":{"self":[{"href":"https:\/\/kolon-guclendirme.com\/balikesir\/wp-json\/wp\/v2\/posts\/63"}],"collection":[{"href":"https:\/\/kolon-guclendirme.com\/balikesir\/wp-json\/wp\/v2\/posts"}],"about":[{"href":"https:\/\/kolon-guclendirme.com\/balikesir\/wp-json\/wp\/v2\/types\/post"}],"author":[{"embeddable":true,"href":"https:\/\/kolon-guclendirme.com\/balikesir\/wp-json\/wp\/v2\/users\/1"}],"replies":[{"embeddable":true,"href":"https:\/\/kolon-guclendirme.com\/balikesir\/wp-json\/wp\/v2\/comments?post=63"}],"version-history":[{"count":1,"href":"https:\/\/kolon-guclendirme.com\/balikesir\/wp-json\/wp\/v2\/posts\/63\/revisions"}],"predecessor-version":[{"id":1752,"href":"https:\/\/kolon-guclendirme.com\/balikesir\/wp-json\/wp\/v2\/posts\/63\/revisions\/1752"}],"wp:featuredmedia":[{"embeddable":true,"href":"https:\/\/kolon-guclendirme.com\/balikesir\/wp-json\/wp\/v2\/media\/1614"}],"wp:attachment":[{"href":"https:\/\/kolon-guclendirme.com\/balikesir\/wp-json\/wp\/v2\/media?parent=63"}],"wp:term":[{"taxonomy":"category","embeddable":true,"href":"https:\/\/kolon-guclendirme.com\/balikesir\/wp-json\/wp\/v2\/categories?post=63"},{"taxonomy":"post_tag","embeddable":true,"href":"https:\/\/kolon-guclendirme.com\/balikesir\/wp-json\/wp\/v2\/tags?post=63"}],"curies":[{"name":"wp","href":"https:\/\/api.w.org\/{rel}","templated":true}]}}