{"id":57,"date":"2023-10-01T11:12:03","date_gmt":"2023-10-01T08:12:03","guid":{"rendered":"https:\/\/kolon-guclendirme.com\/balikesir\/balikesir-edremit-balkon-karbon-fiber-guclendirme-sistemleri-1452\/"},"modified":"2023-10-01T11:12:04","modified_gmt":"2023-10-01T08:12:04","slug":"balikesir-edremit-balkon-karbon-fiber-guclendirme-sistemleri-1452","status":"publish","type":"post","link":"https:\/\/kolon-guclendirme.com\/balikesir\/balikesir-edremit-balkon-karbon-fiber-guclendirme-sistemleri-1452\/","title":{"rendered":"Bal\u0131kesir Edremit Balkon karbon fiber g\u00fc\u00e7lendirme sistemleri"},"content":{"rendered":"<p>Bal\u0131kesir Edremit Balkon karbon fiber g\u00fc\u00e7lendirme sistemleri 1452 Karesi Karbon elyaf yap\u0131 g\u00fc\u00e7lendirme 4664, S\u0131nd\u0131rg\u0131 2 katl\u0131 apartman g\u00fc\u00e7lendirme ustas\u0131 470, S\u0131nd\u0131rg\u0131 Karbon fiber kaplama maliyeti 8349, G\u00f6nen Karbon kuma\u015f kiri\u015f g\u00fc\u00e7lendirme 7784, Ayval\u0131k Karbon kuma\u015f duvar kaplama 8586, Ayval\u0131k Bina carbon lif kaplama 3070 Bal\u0131kesir ve Ayval\u0131k de Hizmet vermekteyiz Karbon Fiber Kolon Kiri\u015f G\u00fc\u00e7lendirme i\u015flerinizde En uygun Fiyat Kaliteli i\u015f\u00e7ilik i\u00e7in 7\/24 Saat Firmam\u0131z ile ileti\u015fime Ge\u00e7ebilirsiniz www.kolon-guclendirme.com +905427483855<\/p>\n<p>        <!-- \/wp:paragraph --><\/p>\n<div id='gallery-1' class='gallery galleryid-57 gallery-columns-2 gallery-size-large'><figure class='gallery-item'>\n\t\t\t<div class='gallery-icon portrait'>\n\t\t\t\t<a href='https:\/\/kolon-guclendirme.com\/balikesir\/wp-content\/uploads\/sites\/19\/2023\/09\/Balikesir-Yapi-karbon-elyaf-guclendirme-ustasi-97371.webp'><img loading=\"lazy\" decoding=\"async\" width=\"853\" height=\"1200\" src=\"https:\/\/kolon-guclendirme.com\/balikesir\/wp-content\/uploads\/sites\/19\/2023\/09\/Balikesir-Yapi-karbon-elyaf-guclendirme-ustasi-97371.webp\" class=\"attachment-large size-large\" alt=\"Ayval\u0131k Frp fiber teras g\u00fc\u00e7lendirme maliyeti\" srcset=\"https:\/\/kolon-guclendirme.com\/balikesir\/wp-content\/uploads\/sites\/19\/2023\/09\/Balikesir-Yapi-karbon-elyaf-guclendirme-ustasi-97371.webp 853w, https:\/\/kolon-guclendirme.com\/balikesir\/wp-content\/uploads\/sites\/19\/2023\/09\/Balikesir-Yapi-karbon-elyaf-guclendirme-ustasi-97371-768x1080.webp 768w\" sizes=\"(max-width: 853px) 100vw, 853px\" \/><\/a>\n\t\t\t<\/div><\/figure><figure class='gallery-item'>\n\t\t\t<div class='gallery-icon portrait'>\n\t\t\t\t<a href='https:\/\/kolon-guclendirme.com\/balikesir\/wp-content\/uploads\/sites\/19\/2023\/09\/Balikesir-Zemin-frp-fiber-kaplama-firmasi-56934.webp'><img loading=\"lazy\" decoding=\"async\" width=\"853\" height=\"1200\" src=\"https:\/\/kolon-guclendirme.com\/balikesir\/wp-content\/uploads\/sites\/19\/2023\/09\/Balikesir-Zemin-frp-fiber-kaplama-firmasi-56934.webp\" class=\"attachment-large size-large\" alt=\"Band\u0131rma Yap\u0131 frp kaplama malzemesi\" srcset=\"https:\/\/kolon-guclendirme.com\/balikesir\/wp-content\/uploads\/sites\/19\/2023\/09\/Balikesir-Zemin-frp-fiber-kaplama-firmasi-56934.webp 853w, https:\/\/kolon-guclendirme.com\/balikesir\/wp-content\/uploads\/sites\/19\/2023\/09\/Balikesir-Zemin-frp-fiber-kaplama-firmasi-56934-768x1080.webp 768w\" sizes=\"(max-width: 853px) 100vw, 853px\" \/><\/a>\n\t\t\t<\/div><\/figure>\n\t\t<\/div>\n\n","protected":false},"excerpt":{"rendered":"<p>Bal\u0131kesir Edremit Balkon karbon fiber g\u00fc\u00e7lendirme sistemleri 1452 Karesi Karbon elyaf yap\u0131 g\u00fc\u00e7lendirme 4664, S\u0131nd\u0131rg\u0131 2 katl\u0131 apartman g\u00fc\u00e7lendirme ustas\u0131 470, S\u0131nd\u0131rg\u0131 Karbon fiber kaplama maliyeti 8349, G\u00f6nen Karbon kuma\u015f &#8230;<\/p>\n","protected":false},"author":1,"featured_media":1483,"comment_status":"open","ping_status":"open","sticky":false,"template":"","format":"standard","meta":{"footnotes":""},"categories":[1],"tags":[116,43,9,44,27],"_links":{"self":[{"href":"https:\/\/kolon-guclendirme.com\/balikesir\/wp-json\/wp\/v2\/posts\/57"}],"collection":[{"href":"https:\/\/kolon-guclendirme.com\/balikesir\/wp-json\/wp\/v2\/posts"}],"about":[{"href":"https:\/\/kolon-guclendirme.com\/balikesir\/wp-json\/wp\/v2\/types\/post"}],"author":[{"embeddable":true,"href":"https:\/\/kolon-guclendirme.com\/balikesir\/wp-json\/wp\/v2\/users\/1"}],"replies":[{"embeddable":true,"href":"https:\/\/kolon-guclendirme.com\/balikesir\/wp-json\/wp\/v2\/comments?post=57"}],"version-history":[{"count":1,"href":"https:\/\/kolon-guclendirme.com\/balikesir\/wp-json\/wp\/v2\/posts\/57\/revisions"}],"predecessor-version":[{"id":1755,"href":"https:\/\/kolon-guclendirme.com\/balikesir\/wp-json\/wp\/v2\/posts\/57\/revisions\/1755"}],"wp:featuredmedia":[{"embeddable":true,"href":"https:\/\/kolon-guclendirme.com\/balikesir\/wp-json\/wp\/v2\/media\/1483"}],"wp:attachment":[{"href":"https:\/\/kolon-guclendirme.com\/balikesir\/wp-json\/wp\/v2\/media?parent=57"}],"wp:term":[{"taxonomy":"category","embeddable":true,"href":"https:\/\/kolon-guclendirme.com\/balikesir\/wp-json\/wp\/v2\/categories?post=57"},{"taxonomy":"post_tag","embeddable":true,"href":"https:\/\/kolon-guclendirme.com\/balikesir\/wp-json\/wp\/v2\/tags?post=57"}],"curies":[{"name":"wp","href":"https:\/\/api.w.org\/{rel}","templated":true}]}}