{"id":374,"date":"2023-10-01T11:11:26","date_gmt":"2023-10-01T08:11:26","guid":{"rendered":"https:\/\/kolon-guclendirme.com\/balikesir\/balikesir-frp-teras-guclendirme-ustasi\/"},"modified":"2023-10-01T11:11:26","modified_gmt":"2023-10-01T08:11:26","slug":"balikesir-frp-teras-guclendirme-ustasi","status":"publish","type":"post","link":"https:\/\/kolon-guclendirme.com\/balikesir\/balikesir-frp-teras-guclendirme-ustasi\/","title":{"rendered":"Bal\u0131kesir Frp teras g\u00fc\u00e7lendirme ustas\u0131"},"content":{"rendered":"<p>Bal\u0131kesir Frp teras g\u00fc\u00e7lendirme ustas\u0131 \u201cEdremit\u2019te 4 Katl\u0131 Apartmanlar\u0131n Gelece\u011fi: Karbon G\u00fc\u00e7lendirme Bal\u0131kesir\u2019in cennet k\u00f6\u015fesi Edremit\u2019te, 4 katl\u0131 apartmanlar\u0131n dayan\u0131kl\u0131l\u0131\u011f\u0131 \u00f6ncelik. Karbon g\u00fc\u00e7lendirme y\u00f6ntemi, depreme kar\u015f\u0131 binalar\u0131 g\u00fc\u00e7lendirirken estetik kayg\u0131lar\u0131 da g\u00f6zetiyor. Edremit\u2019teki bir\u00e7ok uzman firma, bu y\u00f6ntemle apartmanlar\u0131n\u0131za sa\u011flaml\u0131k kazand\u0131r\u0131yor. Ya\u015fam alanlar\u0131n\u0131z\u0131 daha g\u00fcvenli hale getirirken modern bir \u00e7\u00f6z\u00fcm sunuyor.\u201d www.kolonkirisguclendirme.com +905427483855 Instagram Facebook TikTok Twitter Medium LinkedIn Link Link Link Link Link Link<\/p>\n<p>        <!-- \/wp:paragraph --><\/p>\n<div id='gallery-1' class='gallery galleryid-374 gallery-columns-2 gallery-size-large'><figure class='gallery-item'>\n\t\t\t<div class='gallery-icon portrait'>\n\t\t\t\t<a href='https:\/\/kolon-guclendirme.com\/balikesir\/wp-content\/uploads\/sites\/19\/2023\/09\/Balikesir-karbon-fiber-kiris-guclendirme-20856.webp'><img loading=\"lazy\" decoding=\"async\" width=\"853\" height=\"1200\" src=\"https:\/\/kolon-guclendirme.com\/balikesir\/wp-content\/uploads\/sites\/19\/2023\/09\/Balikesir-karbon-fiber-kiris-guclendirme-20856.webp\" class=\"attachment-large size-large\" alt=\"Marmara Karbon fiber duvar g\u00fc\u00e7lendirme firmalar\u0131\" srcset=\"https:\/\/kolon-guclendirme.com\/balikesir\/wp-content\/uploads\/sites\/19\/2023\/09\/Balikesir-karbon-fiber-kiris-guclendirme-20856.webp 853w, https:\/\/kolon-guclendirme.com\/balikesir\/wp-content\/uploads\/sites\/19\/2023\/09\/Balikesir-karbon-fiber-kiris-guclendirme-20856-768x1080.webp 768w\" sizes=\"(max-width: 853px) 100vw, 853px\" \/><\/a>\n\t\t\t<\/div><\/figure><figure class='gallery-item'>\n\t\t\t<div class='gallery-icon portrait'>\n\t\t\t\t<a href='https:\/\/kolon-guclendirme.com\/balikesir\/wp-content\/uploads\/sites\/19\/2023\/09\/Balikesir-Carbon-lif-tavan-guclendirme-fiyati-80504.webp'><img loading=\"lazy\" decoding=\"async\" width=\"853\" height=\"1200\" src=\"https:\/\/kolon-guclendirme.com\/balikesir\/wp-content\/uploads\/sites\/19\/2023\/09\/Balikesir-Carbon-lif-tavan-guclendirme-fiyati-80504.webp\" class=\"attachment-large size-large\" alt=\"Erdek Betonarme kolon g\u00fc\u00e7lendirme teknikleri\" srcset=\"https:\/\/kolon-guclendirme.com\/balikesir\/wp-content\/uploads\/sites\/19\/2023\/09\/Balikesir-Carbon-lif-tavan-guclendirme-fiyati-80504.webp 853w, https:\/\/kolon-guclendirme.com\/balikesir\/wp-content\/uploads\/sites\/19\/2023\/09\/Balikesir-Carbon-lif-tavan-guclendirme-fiyati-80504-768x1080.webp 768w\" sizes=\"(max-width: 853px) 100vw, 853px\" \/><\/a>\n\t\t\t<\/div><\/figure>\n\t\t<\/div>\n\n","protected":false},"excerpt":{"rendered":"<p>Bal\u0131kesir Frp teras g\u00fc\u00e7lendirme ustas\u0131 \u201cEdremit\u2019te 4 Katl\u0131 Apartmanlar\u0131n Gelece\u011fi: Karbon G\u00fc\u00e7lendirme Bal\u0131kesir\u2019in cennet k\u00f6\u015fesi Edremit\u2019te, 4 katl\u0131 apartmanlar\u0131n dayan\u0131kl\u0131l\u0131\u011f\u0131 \u00f6ncelik. Karbon g\u00fc\u00e7lendirme y\u00f6ntemi, depreme kar\u015f\u0131 binalar\u0131 g\u00fc\u00e7lendirirken estetik kayg\u0131lar\u0131 &#8230;<\/p>\n","protected":false},"author":1,"featured_media":1503,"comment_status":"open","ping_status":"open","sticky":false,"template":"","format":"standard","meta":{"footnotes":""},"categories":[1],"tags":[26,9,27,24,25],"_links":{"self":[{"href":"https:\/\/kolon-guclendirme.com\/balikesir\/wp-json\/wp\/v2\/posts\/374"}],"collection":[{"href":"https:\/\/kolon-guclendirme.com\/balikesir\/wp-json\/wp\/v2\/posts"}],"about":[{"href":"https:\/\/kolon-guclendirme.com\/balikesir\/wp-json\/wp\/v2\/types\/post"}],"author":[{"embeddable":true,"href":"https:\/\/kolon-guclendirme.com\/balikesir\/wp-json\/wp\/v2\/users\/1"}],"replies":[{"embeddable":true,"href":"https:\/\/kolon-guclendirme.com\/balikesir\/wp-json\/wp\/v2\/comments?post=374"}],"version-history":[{"count":1,"href":"https:\/\/kolon-guclendirme.com\/balikesir\/wp-json\/wp\/v2\/posts\/374\/revisions"}],"predecessor-version":[{"id":1686,"href":"https:\/\/kolon-guclendirme.com\/balikesir\/wp-json\/wp\/v2\/posts\/374\/revisions\/1686"}],"wp:featuredmedia":[{"embeddable":true,"href":"https:\/\/kolon-guclendirme.com\/balikesir\/wp-json\/wp\/v2\/media\/1503"}],"wp:attachment":[{"href":"https:\/\/kolon-guclendirme.com\/balikesir\/wp-json\/wp\/v2\/media?parent=374"}],"wp:term":[{"taxonomy":"category","embeddable":true,"href":"https:\/\/kolon-guclendirme.com\/balikesir\/wp-json\/wp\/v2\/categories?post=374"},{"taxonomy":"post_tag","embeddable":true,"href":"https:\/\/kolon-guclendirme.com\/balikesir\/wp-json\/wp\/v2\/tags?post=374"}],"curies":[{"name":"wp","href":"https:\/\/api.w.org\/{rel}","templated":true}]}}