{"id":368,"date":"2023-10-01T11:11:26","date_gmt":"2023-10-01T08:11:26","guid":{"rendered":"https:\/\/kolon-guclendirme.com\/balikesir\/balikesir-frp-kece-zemin-guclendirme-sistemleri\/"},"modified":"2023-10-01T11:11:27","modified_gmt":"2023-10-01T08:11:27","slug":"balikesir-frp-kece-zemin-guclendirme-sistemleri","status":"publish","type":"post","link":"https:\/\/kolon-guclendirme.com\/balikesir\/balikesir-frp-kece-zemin-guclendirme-sistemleri\/","title":{"rendered":"Bal\u0131kesir Frp ke\u00e7e zemin g\u00fc\u00e7lendirme sistemleri"},"content":{"rendered":"<p>Bal\u0131kesir Frp ke\u00e7e zemin g\u00fc\u00e7lendirme sistemleri \u0130vrindi\u2019de Kolon G\u00fc\u00e7lendirme Yap\u0131\u015ft\u0131r\u0131c\u0131lar\u0131: Sa\u011flam ve Dayan\u0131kl\u0131 Yap\u0131lar Bal\u0131kesir\u2019in g\u00fczel il\u00e7esi Iv\u0131rindi\u2019de, yap\u0131lar\u0131n g\u00fc\u00e7lendirilmesinde kullan\u0131lan kolon g\u00fc\u00e7lendirme yap\u0131\u015ft\u0131r\u0131c\u0131lar\u0131 \u00f6ne \u00e7\u0131k\u0131yor. Epoksi, poli\u00fcretan ve akrilik bazl\u0131 bu yap\u0131\u015ft\u0131r\u0131c\u0131lar, kolonlara ekstra dayan\u0131kl\u0131l\u0131k ve mukavemet kazand\u0131r\u0131yor. Uzman ekiplerimizle yap\u0131lan do\u011fru uygulamalarla binalar\u0131n\u0131z\u0131 deprem ve di\u011fer etkenlere kar\u015f\u0131 daha g\u00fcvenli hale getirebilirsiniz. Detayl\u0131 bilgi i\u00e7in ileti\u015fime ge\u00e7in. www.arckarbonguclendirme.com +905427483855 Instagram Facebook TikTok Twitter Medium LinkedIn Link Link Link Link Link Link<\/p>\n<p>        <!-- \/wp:paragraph --><\/p>\n<div id='gallery-1' class='gallery galleryid-368 gallery-columns-2 gallery-size-large'><figure class='gallery-item'>\n\t\t\t<div class='gallery-icon portrait'>\n\t\t\t\t<a href='https:\/\/kolon-guclendirme.com\/balikesir\/wp-content\/uploads\/sites\/19\/2023\/09\/Balikesir-Bina-guclendirme-firmalari-izmir-81722.webp'><img loading=\"lazy\" decoding=\"async\" width=\"853\" height=\"1200\" src=\"https:\/\/kolon-guclendirme.com\/balikesir\/wp-content\/uploads\/sites\/19\/2023\/09\/Balikesir-Bina-guclendirme-firmalari-izmir-81722.webp\" class=\"attachment-large size-large\" alt=\"Alt\u0131eyl\u00fcl Kiri\u015f karbon ke\u00e7e kaplama fiyatlar\u0131\" srcset=\"https:\/\/kolon-guclendirme.com\/balikesir\/wp-content\/uploads\/sites\/19\/2023\/09\/Balikesir-Bina-guclendirme-firmalari-izmir-81722.webp 853w, https:\/\/kolon-guclendirme.com\/balikesir\/wp-content\/uploads\/sites\/19\/2023\/09\/Balikesir-Bina-guclendirme-firmalari-izmir-81722-768x1080.webp 768w\" sizes=\"(max-width: 853px) 100vw, 853px\" \/><\/a>\n\t\t\t<\/div><\/figure><figure class='gallery-item'>\n\t\t\t<div class='gallery-icon portrait'>\n\t\t\t\t<a href='https:\/\/kolon-guclendirme.com\/balikesir\/wp-content\/uploads\/sites\/19\/2023\/09\/Balikesir-Carbon-kece-tavan-guclendirme-sistemleri-17782.webp'><img loading=\"lazy\" decoding=\"async\" width=\"853\" height=\"1200\" src=\"https:\/\/kolon-guclendirme.com\/balikesir\/wp-content\/uploads\/sites\/19\/2023\/09\/Balikesir-Carbon-kece-tavan-guclendirme-sistemleri-17782.webp\" class=\"attachment-large size-large\" alt=\"Bal\u0131kesir Carbon kece tavan guclendirme sistemleri 17782\" aria-describedby=\"gallery-1-1492\" srcset=\"https:\/\/kolon-guclendirme.com\/balikesir\/wp-content\/uploads\/sites\/19\/2023\/09\/Balikesir-Carbon-kece-tavan-guclendirme-sistemleri-17782.webp 853w, https:\/\/kolon-guclendirme.com\/balikesir\/wp-content\/uploads\/sites\/19\/2023\/09\/Balikesir-Carbon-kece-tavan-guclendirme-sistemleri-17782-768x1080.webp 768w\" sizes=\"(max-width: 853px) 100vw, 853px\" \/><\/a>\n\t\t\t<\/div>\n\t\t\t\t<figcaption class='wp-caption-text gallery-caption' id='gallery-1-1492'>\n\t\t\t\tBal\u0131kesir Carbon kece tavan guclendirme sistemleri 17782\n\t\t\t\t<\/figcaption><\/figure>\n\t\t<\/div>\n\n","protected":false},"excerpt":{"rendered":"<p>Bal\u0131kesir Frp ke\u00e7e zemin g\u00fc\u00e7lendirme sistemleri \u0130vrindi\u2019de Kolon G\u00fc\u00e7lendirme Yap\u0131\u015ft\u0131r\u0131c\u0131lar\u0131: Sa\u011flam ve Dayan\u0131kl\u0131 Yap\u0131lar Bal\u0131kesir\u2019in g\u00fczel il\u00e7esi Iv\u0131rindi\u2019de, yap\u0131lar\u0131n g\u00fc\u00e7lendirilmesinde kullan\u0131lan kolon g\u00fc\u00e7lendirme yap\u0131\u015ft\u0131r\u0131c\u0131lar\u0131 \u00f6ne \u00e7\u0131k\u0131yor. Epoksi, poli\u00fcretan ve akrilik &#8230;<\/p>\n","protected":false},"author":1,"featured_media":1631,"comment_status":"open","ping_status":"open","sticky":false,"template":"","format":"standard","meta":{"footnotes":""},"categories":[1],"tags":[9,29,28,12,11],"_links":{"self":[{"href":"https:\/\/kolon-guclendirme.com\/balikesir\/wp-json\/wp\/v2\/posts\/368"}],"collection":[{"href":"https:\/\/kolon-guclendirme.com\/balikesir\/wp-json\/wp\/v2\/posts"}],"about":[{"href":"https:\/\/kolon-guclendirme.com\/balikesir\/wp-json\/wp\/v2\/types\/post"}],"author":[{"embeddable":true,"href":"https:\/\/kolon-guclendirme.com\/balikesir\/wp-json\/wp\/v2\/users\/1"}],"replies":[{"embeddable":true,"href":"https:\/\/kolon-guclendirme.com\/balikesir\/wp-json\/wp\/v2\/comments?post=368"}],"version-history":[{"count":1,"href":"https:\/\/kolon-guclendirme.com\/balikesir\/wp-json\/wp\/v2\/posts\/368\/revisions"}],"predecessor-version":[{"id":1687,"href":"https:\/\/kolon-guclendirme.com\/balikesir\/wp-json\/wp\/v2\/posts\/368\/revisions\/1687"}],"wp:featuredmedia":[{"embeddable":true,"href":"https:\/\/kolon-guclendirme.com\/balikesir\/wp-json\/wp\/v2\/media\/1631"}],"wp:attachment":[{"href":"https:\/\/kolon-guclendirme.com\/balikesir\/wp-json\/wp\/v2\/media?parent=368"}],"wp:term":[{"taxonomy":"category","embeddable":true,"href":"https:\/\/kolon-guclendirme.com\/balikesir\/wp-json\/wp\/v2\/categories?post=368"},{"taxonomy":"post_tag","embeddable":true,"href":"https:\/\/kolon-guclendirme.com\/balikesir\/wp-json\/wp\/v2\/tags?post=368"}],"curies":[{"name":"wp","href":"https:\/\/api.w.org\/{rel}","templated":true}]}}