{"id":362,"date":"2023-10-01T11:11:27","date_gmt":"2023-10-01T08:11:27","guid":{"rendered":"https:\/\/kolon-guclendirme.com\/balikesir\/balikesir-bina-karbon-guclendirme-maliyeti\/"},"modified":"2023-10-01T11:11:27","modified_gmt":"2023-10-01T08:11:27","slug":"balikesir-bina-karbon-guclendirme-maliyeti","status":"publish","type":"post","link":"https:\/\/kolon-guclendirme.com\/balikesir\/balikesir-bina-karbon-guclendirme-maliyeti\/","title":{"rendered":"Bal\u0131kesir Bina karbon g\u00fc\u00e7lendirme maliyeti"},"content":{"rendered":"<p>Bal\u0131kesir Bina karbon g\u00fc\u00e7lendirme maliyeti \u201cG\u00f6nen\u2019de Kolon G\u00fc\u00e7lendirme Demiri: Yap\u0131lar\u0131n Dayan\u0131kl\u0131l\u0131\u011f\u0131 i\u00e7in \u00d6nemli Bal\u0131kesir il\u00e7esi G\u00f6nen\u2019de, yap\u0131lar\u0131n kolonlar\u0131n\u0131 g\u00fc\u00e7lendirmek i\u00e7in kullan\u0131lan demirler b\u00fcy\u00fck \u00f6nem ta\u015f\u0131r. Kolon g\u00fc\u00e7lendirme demiri, binalar\u0131n depreme, a\u015f\u0131nmaya ve y\u00fck alt\u0131na kar\u015f\u0131 direncini art\u0131r\u0131r. Uzman ekipler taraf\u0131ndan uygulanan bu y\u00f6ntemle, G\u00f6nen\u2019deki yap\u0131lar daha sa\u011flam ve g\u00fcvenli hale gelir. www.karbonguclendirme.com +905427483855 Instagram Facebook TikTok Twitter Medium LinkedIn Link Link Link Link Link Link<\/p>\n<p>        <!-- \/wp:paragraph --><\/p>\n<div id='gallery-1' class='gallery galleryid-362 gallery-columns-2 gallery-size-large'><figure class='gallery-item'>\n\t\t\t<div class='gallery-icon portrait'>\n\t\t\t\t<a href='https:\/\/kolon-guclendirme.com\/balikesir\/wp-content\/uploads\/sites\/19\/2023\/09\/Balikesir-Zemin-karbon-elyaf-guclendirme-firmasi-33397.webp'><img loading=\"lazy\" decoding=\"async\" width=\"853\" height=\"1200\" src=\"https:\/\/kolon-guclendirme.com\/balikesir\/wp-content\/uploads\/sites\/19\/2023\/09\/Balikesir-Zemin-karbon-elyaf-guclendirme-firmasi-33397.webp\" class=\"attachment-large size-large\" alt=\"\" srcset=\"https:\/\/kolon-guclendirme.com\/balikesir\/wp-content\/uploads\/sites\/19\/2023\/09\/Balikesir-Zemin-karbon-elyaf-guclendirme-firmasi-33397.webp 853w, https:\/\/kolon-guclendirme.com\/balikesir\/wp-content\/uploads\/sites\/19\/2023\/09\/Balikesir-Zemin-karbon-elyaf-guclendirme-firmasi-33397-768x1080.webp 768w\" sizes=\"(max-width: 853px) 100vw, 853px\" \/><\/a>\n\t\t\t<\/div><\/figure><figure class='gallery-item'>\n\t\t\t<div class='gallery-icon portrait'>\n\t\t\t\t<a href='https:\/\/kolon-guclendirme.com\/balikesir\/wp-content\/uploads\/sites\/19\/2023\/09\/Balikesir-Tavan-karbon-kaplama-ustasi-88310.webp'><img loading=\"lazy\" decoding=\"async\" width=\"853\" height=\"1200\" src=\"https:\/\/kolon-guclendirme.com\/balikesir\/wp-content\/uploads\/sites\/19\/2023\/09\/Balikesir-Tavan-karbon-kaplama-ustasi-88310.webp\" class=\"attachment-large size-large\" alt=\"Ayval\u0131k Frp fiber teras g\u00fc\u00e7lendirme maliyeti\" srcset=\"https:\/\/kolon-guclendirme.com\/balikesir\/wp-content\/uploads\/sites\/19\/2023\/09\/Balikesir-Tavan-karbon-kaplama-ustasi-88310.webp 853w, https:\/\/kolon-guclendirme.com\/balikesir\/wp-content\/uploads\/sites\/19\/2023\/09\/Balikesir-Tavan-karbon-kaplama-ustasi-88310-768x1080.webp 768w\" sizes=\"(max-width: 853px) 100vw, 853px\" \/><\/a>\n\t\t\t<\/div><\/figure>\n\t\t<\/div>\n\n","protected":false},"excerpt":{"rendered":"<p>Bal\u0131kesir Bina karbon g\u00fc\u00e7lendirme maliyeti \u201cG\u00f6nen\u2019de Kolon G\u00fc\u00e7lendirme Demiri: Yap\u0131lar\u0131n Dayan\u0131kl\u0131l\u0131\u011f\u0131 i\u00e7in \u00d6nemli Bal\u0131kesir il\u00e7esi G\u00f6nen\u2019de, yap\u0131lar\u0131n kolonlar\u0131n\u0131 g\u00fc\u00e7lendirmek i\u00e7in kullan\u0131lan demirler b\u00fcy\u00fck \u00f6nem ta\u015f\u0131r. Kolon g\u00fc\u00e7lendirme demiri, binalar\u0131n depreme, &#8230;<\/p>\n","protected":false},"author":1,"featured_media":1585,"comment_status":"open","ping_status":"open","sticky":false,"template":"","format":"standard","meta":{"footnotes":""},"categories":[1],"tags":[14,31,9,27,30],"_links":{"self":[{"href":"https:\/\/kolon-guclendirme.com\/balikesir\/wp-json\/wp\/v2\/posts\/362"}],"collection":[{"href":"https:\/\/kolon-guclendirme.com\/balikesir\/wp-json\/wp\/v2\/posts"}],"about":[{"href":"https:\/\/kolon-guclendirme.com\/balikesir\/wp-json\/wp\/v2\/types\/post"}],"author":[{"embeddable":true,"href":"https:\/\/kolon-guclendirme.com\/balikesir\/wp-json\/wp\/v2\/users\/1"}],"replies":[{"embeddable":true,"href":"https:\/\/kolon-guclendirme.com\/balikesir\/wp-json\/wp\/v2\/comments?post=362"}],"version-history":[{"count":1,"href":"https:\/\/kolon-guclendirme.com\/balikesir\/wp-json\/wp\/v2\/posts\/362\/revisions"}],"predecessor-version":[{"id":1688,"href":"https:\/\/kolon-guclendirme.com\/balikesir\/wp-json\/wp\/v2\/posts\/362\/revisions\/1688"}],"wp:featuredmedia":[{"embeddable":true,"href":"https:\/\/kolon-guclendirme.com\/balikesir\/wp-json\/wp\/v2\/media\/1585"}],"wp:attachment":[{"href":"https:\/\/kolon-guclendirme.com\/balikesir\/wp-json\/wp\/v2\/media?parent=362"}],"wp:term":[{"taxonomy":"category","embeddable":true,"href":"https:\/\/kolon-guclendirme.com\/balikesir\/wp-json\/wp\/v2\/categories?post=362"},{"taxonomy":"post_tag","embeddable":true,"href":"https:\/\/kolon-guclendirme.com\/balikesir\/wp-json\/wp\/v2\/tags?post=362"}],"curies":[{"name":"wp","href":"https:\/\/api.w.org\/{rel}","templated":true}]}}