{"id":350,"date":"2023-10-01T11:11:28","date_gmt":"2023-10-01T08:11:28","guid":{"rendered":"https:\/\/kolon-guclendirme.com\/balikesir\/balikesir-kolon-karbon-elyaf-guclendirme-yapanlar\/"},"modified":"2023-10-01T11:11:28","modified_gmt":"2023-10-01T08:11:28","slug":"balikesir-kolon-karbon-elyaf-guclendirme-yapanlar","status":"publish","type":"post","link":"https:\/\/kolon-guclendirme.com\/balikesir\/balikesir-kolon-karbon-elyaf-guclendirme-yapanlar\/","title":{"rendered":"Bal\u0131kesir Kolon karbon elyaf g\u00fc\u00e7lendirme yapanlar"},"content":{"rendered":"<p>Bal\u0131kesir Kolon karbon elyaf g\u00fc\u00e7lendirme yapanlar Edremit, Bal\u0131kesir\u2019de Betonarme Ev Karbon G\u00fc\u00e7lendirme Fiyatlar\u0131 Edremit\u2019de betonarme ev sahipleri, karbon g\u00fc\u00e7lendirme ile yap\u0131lar\u0131n\u0131 depreme kar\u015f\u0131 g\u00fc\u00e7lendiriyor. Fiyatlar, evin boyutu, durumu ve ihtiyac\u0131na g\u00f6re de\u011fi\u015febilir. Bu y\u00f6ntem, dayan\u0131kl\u0131l\u0131\u011f\u0131 art\u0131rarak yap\u0131lar\u0131n \u00f6mr\u00fcn\u00fc uzat\u0131r ve ailelerin g\u00fcvenli\u011fini sa\u011flar. Yat\u0131r\u0131m, sevdiklerinizin g\u00fcvende olmas\u0131 i\u00e7in de\u011ferli ve \u00f6nemlidir. www.guclendirmefirmasi.com +905427483855 Instagram Facebook TikTok Twitter Medium LinkedIn Link Link Link Link Link Link<\/p>\n<p>        <!-- \/wp:paragraph --><\/p>\n<div id='gallery-1' class='gallery galleryid-350 gallery-columns-2 gallery-size-large'><figure class='gallery-item'>\n\t\t\t<div class='gallery-icon portrait'>\n\t\t\t\t<a href='https:\/\/kolon-guclendirme.com\/balikesir\/wp-content\/uploads\/sites\/19\/2023\/09\/Balikesir-Frp-kece-yapi-guclendirme-fiyati-24442.webp'><img loading=\"lazy\" decoding=\"async\" width=\"853\" height=\"1200\" src=\"https:\/\/kolon-guclendirme.com\/balikesir\/wp-content\/uploads\/sites\/19\/2023\/09\/Balikesir-Frp-kece-yapi-guclendirme-fiyati-24442.webp\" class=\"attachment-large size-large\" alt=\"\" srcset=\"https:\/\/kolon-guclendirme.com\/balikesir\/wp-content\/uploads\/sites\/19\/2023\/09\/Balikesir-Frp-kece-yapi-guclendirme-fiyati-24442.webp 853w, https:\/\/kolon-guclendirme.com\/balikesir\/wp-content\/uploads\/sites\/19\/2023\/09\/Balikesir-Frp-kece-yapi-guclendirme-fiyati-24442-768x1080.webp 768w\" sizes=\"(max-width: 853px) 100vw, 853px\" \/><\/a>\n\t\t\t<\/div><\/figure><figure class='gallery-item'>\n\t\t\t<div class='gallery-icon portrait'>\n\t\t\t\t<a href='https:\/\/kolon-guclendirme.com\/balikesir\/wp-content\/uploads\/sites\/19\/2023\/09\/Balikesir-Karbon-fiber-kaplama-31137.webp'><img loading=\"lazy\" decoding=\"async\" width=\"853\" height=\"1200\" src=\"https:\/\/kolon-guclendirme.com\/balikesir\/wp-content\/uploads\/sites\/19\/2023\/09\/Balikesir-Karbon-fiber-kaplama-31137.webp\" class=\"attachment-large size-large\" alt=\"Alt\u0131eyl\u00fcl Tavan frp lif kaplama fiyatlar\u0131\" srcset=\"https:\/\/kolon-guclendirme.com\/balikesir\/wp-content\/uploads\/sites\/19\/2023\/09\/Balikesir-Karbon-fiber-kaplama-31137.webp 853w, https:\/\/kolon-guclendirme.com\/balikesir\/wp-content\/uploads\/sites\/19\/2023\/09\/Balikesir-Karbon-fiber-kaplama-31137-768x1080.webp 768w\" sizes=\"(max-width: 853px) 100vw, 853px\" \/><\/a>\n\t\t\t<\/div><\/figure>\n\t\t<\/div>\n\n","protected":false},"excerpt":{"rendered":"<p>Bal\u0131kesir Kolon karbon elyaf g\u00fc\u00e7lendirme yapanlar Edremit, Bal\u0131kesir\u2019de Betonarme Ev Karbon G\u00fc\u00e7lendirme Fiyatlar\u0131 Edremit\u2019de betonarme ev sahipleri, karbon g\u00fc\u00e7lendirme ile yap\u0131lar\u0131n\u0131 depreme kar\u015f\u0131 g\u00fc\u00e7lendiriyor. Fiyatlar, evin boyutu, durumu ve ihtiyac\u0131na &#8230;<\/p>\n","protected":false},"author":1,"featured_media":1641,"comment_status":"open","ping_status":"open","sticky":false,"template":"","format":"standard","meta":{"footnotes":""},"categories":[1],"tags":[10,9,27,17,34],"_links":{"self":[{"href":"https:\/\/kolon-guclendirme.com\/balikesir\/wp-json\/wp\/v2\/posts\/350"}],"collection":[{"href":"https:\/\/kolon-guclendirme.com\/balikesir\/wp-json\/wp\/v2\/posts"}],"about":[{"href":"https:\/\/kolon-guclendirme.com\/balikesir\/wp-json\/wp\/v2\/types\/post"}],"author":[{"embeddable":true,"href":"https:\/\/kolon-guclendirme.com\/balikesir\/wp-json\/wp\/v2\/users\/1"}],"replies":[{"embeddable":true,"href":"https:\/\/kolon-guclendirme.com\/balikesir\/wp-json\/wp\/v2\/comments?post=350"}],"version-history":[{"count":1,"href":"https:\/\/kolon-guclendirme.com\/balikesir\/wp-json\/wp\/v2\/posts\/350\/revisions"}],"predecessor-version":[{"id":1690,"href":"https:\/\/kolon-guclendirme.com\/balikesir\/wp-json\/wp\/v2\/posts\/350\/revisions\/1690"}],"wp:featuredmedia":[{"embeddable":true,"href":"https:\/\/kolon-guclendirme.com\/balikesir\/wp-json\/wp\/v2\/media\/1641"}],"wp:attachment":[{"href":"https:\/\/kolon-guclendirme.com\/balikesir\/wp-json\/wp\/v2\/media?parent=350"}],"wp:term":[{"taxonomy":"category","embeddable":true,"href":"https:\/\/kolon-guclendirme.com\/balikesir\/wp-json\/wp\/v2\/categories?post=350"},{"taxonomy":"post_tag","embeddable":true,"href":"https:\/\/kolon-guclendirme.com\/balikesir\/wp-json\/wp\/v2\/tags?post=350"}],"curies":[{"name":"wp","href":"https:\/\/api.w.org\/{rel}","templated":true}]}}