{"id":338,"date":"2023-10-01T11:11:29","date_gmt":"2023-10-01T08:11:29","guid":{"rendered":"https:\/\/kolon-guclendirme.com\/balikesir\/balikesir-karbon-teras-guclendirme-ustasi\/"},"modified":"2023-10-01T11:11:29","modified_gmt":"2023-10-01T08:11:29","slug":"balikesir-karbon-teras-guclendirme-ustasi","status":"publish","type":"post","link":"https:\/\/kolon-guclendirme.com\/balikesir\/balikesir-karbon-teras-guclendirme-ustasi\/","title":{"rendered":"Bal\u0131kesir Karbon teras g\u00fc\u00e7lendirme ustas\u0131"},"content":{"rendered":"<p>Bal\u0131kesir Karbon teras g\u00fc\u00e7lendirme ustas\u0131 Bal\u0131kesir il\u00e7esi i\u00e7in yap\u0131 g\u00fc\u00e7lendirme \u00e7\u00f6z\u00fcmlerinde \u00f6ne \u00e7\u0131kan y\u00f6ntem: Karbon ke\u00e7e epoksi g\u00fc\u00e7lendirme sistemleri. Bu sistemde, dayan\u0131kl\u0131 karbon ke\u00e7e malzemesi, epoksi re\u00e7ine ile birle\u015ftirilerek yap\u0131lar\u0131n ta\u015f\u0131ma kapasitesi artt\u0131r\u0131l\u0131yor. Bal\u0131kesir\u2019de uzman ekipler taraf\u0131ndan sunulan bu teknoloji, binalar\u0131 depreme kar\u015f\u0131 g\u00fc\u00e7lendirerek ya\u015fam alanlar\u0131n\u0131 g\u00fcvenli k\u0131l\u0131yor. www.karbonguclendirme.com +905427483855 Instagram Facebook TikTok Twitter Medium LinkedIn Link Link Link Link Link Link<\/p>\n<p>        <!-- \/wp:paragraph --><\/p>\n<div id='gallery-1' class='gallery galleryid-338 gallery-columns-2 gallery-size-large'><figure class='gallery-item'>\n\t\t\t<div class='gallery-icon portrait'>\n\t\t\t\t<a href='https:\/\/kolon-guclendirme.com\/balikesir\/wp-content\/uploads\/sites\/19\/2023\/09\/Balikesir-Teras-frp-fiber-kaplama-malzemesi-39696.webp'><img loading=\"lazy\" decoding=\"async\" width=\"853\" height=\"1200\" src=\"https:\/\/kolon-guclendirme.com\/balikesir\/wp-content\/uploads\/sites\/19\/2023\/09\/Balikesir-Teras-frp-fiber-kaplama-malzemesi-39696.webp\" class=\"attachment-large size-large\" alt=\"G\u00f6me\u00e7 Kiri\u015f karbon lif kaplama sistemleri\" srcset=\"https:\/\/kolon-guclendirme.com\/balikesir\/wp-content\/uploads\/sites\/19\/2023\/09\/Balikesir-Teras-frp-fiber-kaplama-malzemesi-39696.webp 853w, https:\/\/kolon-guclendirme.com\/balikesir\/wp-content\/uploads\/sites\/19\/2023\/09\/Balikesir-Teras-frp-fiber-kaplama-malzemesi-39696-768x1080.webp 768w\" sizes=\"(max-width: 853px) 100vw, 853px\" \/><\/a>\n\t\t\t<\/div><\/figure><figure class='gallery-item'>\n\t\t\t<div class='gallery-icon portrait'>\n\t\t\t\t<a href='https:\/\/kolon-guclendirme.com\/balikesir\/wp-content\/uploads\/sites\/19\/2023\/09\/Balikesir-Karbon-bina-guclendirme-firmasi-37441.webp'><img loading=\"lazy\" decoding=\"async\" width=\"853\" height=\"1200\" src=\"https:\/\/kolon-guclendirme.com\/balikesir\/wp-content\/uploads\/sites\/19\/2023\/09\/Balikesir-Karbon-bina-guclendirme-firmasi-37441.webp\" class=\"attachment-large size-large\" alt=\"\" srcset=\"https:\/\/kolon-guclendirme.com\/balikesir\/wp-content\/uploads\/sites\/19\/2023\/09\/Balikesir-Karbon-bina-guclendirme-firmasi-37441.webp 853w, https:\/\/kolon-guclendirme.com\/balikesir\/wp-content\/uploads\/sites\/19\/2023\/09\/Balikesir-Karbon-bina-guclendirme-firmasi-37441-768x1080.webp 768w\" sizes=\"(max-width: 853px) 100vw, 853px\" \/><\/a>\n\t\t\t<\/div><\/figure>\n\t\t<\/div>\n\n","protected":false},"excerpt":{"rendered":"<p>Bal\u0131kesir Karbon teras g\u00fc\u00e7lendirme ustas\u0131 Bal\u0131kesir il\u00e7esi i\u00e7in yap\u0131 g\u00fc\u00e7lendirme \u00e7\u00f6z\u00fcmlerinde \u00f6ne \u00e7\u0131kan y\u00f6ntem: Karbon ke\u00e7e epoksi g\u00fc\u00e7lendirme sistemleri. Bu sistemde, dayan\u0131kl\u0131 karbon ke\u00e7e malzemesi, epoksi re\u00e7ine ile birle\u015ftirilerek yap\u0131lar\u0131n &#8230;<\/p>\n","protected":false},"author":1,"featured_media":1477,"comment_status":"open","ping_status":"open","sticky":false,"template":"","format":"standard","meta":{"footnotes":""},"categories":[1],"tags":[38,9,27,24,25],"_links":{"self":[{"href":"https:\/\/kolon-guclendirme.com\/balikesir\/wp-json\/wp\/v2\/posts\/338"}],"collection":[{"href":"https:\/\/kolon-guclendirme.com\/balikesir\/wp-json\/wp\/v2\/posts"}],"about":[{"href":"https:\/\/kolon-guclendirme.com\/balikesir\/wp-json\/wp\/v2\/types\/post"}],"author":[{"embeddable":true,"href":"https:\/\/kolon-guclendirme.com\/balikesir\/wp-json\/wp\/v2\/users\/1"}],"replies":[{"embeddable":true,"href":"https:\/\/kolon-guclendirme.com\/balikesir\/wp-json\/wp\/v2\/comments?post=338"}],"version-history":[{"count":1,"href":"https:\/\/kolon-guclendirme.com\/balikesir\/wp-json\/wp\/v2\/posts\/338\/revisions"}],"predecessor-version":[{"id":1692,"href":"https:\/\/kolon-guclendirme.com\/balikesir\/wp-json\/wp\/v2\/posts\/338\/revisions\/1692"}],"wp:featuredmedia":[{"embeddable":true,"href":"https:\/\/kolon-guclendirme.com\/balikesir\/wp-json\/wp\/v2\/media\/1477"}],"wp:attachment":[{"href":"https:\/\/kolon-guclendirme.com\/balikesir\/wp-json\/wp\/v2\/media?parent=338"}],"wp:term":[{"taxonomy":"category","embeddable":true,"href":"https:\/\/kolon-guclendirme.com\/balikesir\/wp-json\/wp\/v2\/categories?post=338"},{"taxonomy":"post_tag","embeddable":true,"href":"https:\/\/kolon-guclendirme.com\/balikesir\/wp-json\/wp\/v2\/tags?post=338"}],"curies":[{"name":"wp","href":"https:\/\/api.w.org\/{rel}","templated":true}]}}