{"id":326,"date":"2023-10-01T11:11:30","date_gmt":"2023-10-01T08:11:30","guid":{"rendered":"https:\/\/kolon-guclendirme.com\/balikesir\/balikesir-tavan-karbon-lif-guclendirme-yapanlar\/"},"modified":"2023-10-01T11:11:30","modified_gmt":"2023-10-01T08:11:30","slug":"balikesir-tavan-karbon-lif-guclendirme-yapanlar","status":"publish","type":"post","link":"https:\/\/kolon-guclendirme.com\/balikesir\/balikesir-tavan-karbon-lif-guclendirme-yapanlar\/","title":{"rendered":"Bal\u0131kesir Tavan karbon lif g\u00fc\u00e7lendirme yapanlar"},"content":{"rendered":"<p>Bal\u0131kesir Tavan karbon lif g\u00fc\u00e7lendirme yapanlar \u201cSava\u015ftepe\u2019de Duvar Karbon Lif Kaplama Sistemleri: Estetik ve G\u00fc\u00e7l\u00fc Yap\u0131lar\u201d Bal\u0131kesir il\u00e7esi Sava\u015ftepe, yap\u0131 g\u00fc\u00e7lendirme konusunda \u00f6nemli bir b\u00f6lgedir. Duvar karbon lif kaplama sistemleri, bu b\u00f6lgedeki yap\u0131lar\u0131n hem estetik hem de dayan\u0131kl\u0131l\u0131k a\u00e7\u0131s\u0131ndan ihtiya\u00e7lar\u0131n\u0131 kar\u015f\u0131lar. Karbon lif kaplama, duvarlara ekstra dayan\u0131kl\u0131l\u0131k sa\u011flar ve deprem gibi etkiler kar\u015f\u0131s\u0131nda daha g\u00fc\u00e7l\u00fc hale getirir. Sava\u015ftepe\u2019de bu sistemleri uygulayan uzman firmalar, yap\u0131lar\u0131n g\u00fcvenli\u011fini ve uzun \u00f6m\u00fcrl\u00fcl\u00fc\u011f\u00fcn\u00fc art\u0131rmaya yard\u0131mc\u0131 olur. www.arckarbonguclendirme.com +905427483855 Instagram Facebook TikTok Twitter Medium LinkedIn Link Link Link Link Link Link<\/p>\n<p>        <!-- \/wp:paragraph --><\/p>\n<div id='gallery-1' class='gallery galleryid-326 gallery-columns-2 gallery-size-large'><figure class='gallery-item'>\n\t\t\t<div class='gallery-icon portrait'>\n\t\t\t\t<a href='https:\/\/kolon-guclendirme.com\/balikesir\/wp-content\/uploads\/sites\/19\/2023\/09\/Balikesir-karbon-fiber-kiris-guclendirme-20856.webp'><img loading=\"lazy\" decoding=\"async\" width=\"853\" height=\"1200\" src=\"https:\/\/kolon-guclendirme.com\/balikesir\/wp-content\/uploads\/sites\/19\/2023\/09\/Balikesir-karbon-fiber-kiris-guclendirme-20856.webp\" class=\"attachment-large size-large\" alt=\"Marmara Karbon fiber duvar g\u00fc\u00e7lendirme firmalar\u0131\" srcset=\"https:\/\/kolon-guclendirme.com\/balikesir\/wp-content\/uploads\/sites\/19\/2023\/09\/Balikesir-karbon-fiber-kiris-guclendirme-20856.webp 853w, https:\/\/kolon-guclendirme.com\/balikesir\/wp-content\/uploads\/sites\/19\/2023\/09\/Balikesir-karbon-fiber-kiris-guclendirme-20856-768x1080.webp 768w\" sizes=\"(max-width: 853px) 100vw, 853px\" \/><\/a>\n\t\t\t<\/div><\/figure><figure class='gallery-item'>\n\t\t\t<div class='gallery-icon portrait'>\n\t\t\t\t<a href='https:\/\/kolon-guclendirme.com\/balikesir\/wp-content\/uploads\/sites\/19\/2023\/09\/Balikesir-Duvar-frp-elyaf-kaplama-ustasi-459.webp'><img loading=\"lazy\" decoding=\"async\" width=\"853\" height=\"1200\" src=\"https:\/\/kolon-guclendirme.com\/balikesir\/wp-content\/uploads\/sites\/19\/2023\/09\/Balikesir-Duvar-frp-elyaf-kaplama-ustasi-459.webp\" class=\"attachment-large size-large\" alt=\"Erdek Betonarme kolon g\u00fc\u00e7lendirme teknikleri\" srcset=\"https:\/\/kolon-guclendirme.com\/balikesir\/wp-content\/uploads\/sites\/19\/2023\/09\/Balikesir-Duvar-frp-elyaf-kaplama-ustasi-459.webp 853w, https:\/\/kolon-guclendirme.com\/balikesir\/wp-content\/uploads\/sites\/19\/2023\/09\/Balikesir-Duvar-frp-elyaf-kaplama-ustasi-459-768x1080.webp 768w\" sizes=\"(max-width: 853px) 100vw, 853px\" \/><\/a>\n\t\t\t<\/div><\/figure>\n\t\t<\/div>\n\n","protected":false},"excerpt":{"rendered":"<p>Bal\u0131kesir Tavan karbon lif g\u00fc\u00e7lendirme yapanlar \u201cSava\u015ftepe\u2019de Duvar Karbon Lif Kaplama Sistemleri: Estetik ve G\u00fc\u00e7l\u00fc Yap\u0131lar\u201d Bal\u0131kesir il\u00e7esi Sava\u015ftepe, yap\u0131 g\u00fc\u00e7lendirme konusunda \u00f6nemli bir b\u00f6lgedir. Duvar karbon lif kaplama sistemleri, &#8230;<\/p>\n","protected":false},"author":1,"featured_media":1499,"comment_status":"open","ping_status":"open","sticky":false,"template":"","format":"standard","meta":{"footnotes":""},"categories":[1],"tags":[9,27,42,41,34],"_links":{"self":[{"href":"https:\/\/kolon-guclendirme.com\/balikesir\/wp-json\/wp\/v2\/posts\/326"}],"collection":[{"href":"https:\/\/kolon-guclendirme.com\/balikesir\/wp-json\/wp\/v2\/posts"}],"about":[{"href":"https:\/\/kolon-guclendirme.com\/balikesir\/wp-json\/wp\/v2\/types\/post"}],"author":[{"embeddable":true,"href":"https:\/\/kolon-guclendirme.com\/balikesir\/wp-json\/wp\/v2\/users\/1"}],"replies":[{"embeddable":true,"href":"https:\/\/kolon-guclendirme.com\/balikesir\/wp-json\/wp\/v2\/comments?post=326"}],"version-history":[{"count":1,"href":"https:\/\/kolon-guclendirme.com\/balikesir\/wp-json\/wp\/v2\/posts\/326\/revisions"}],"predecessor-version":[{"id":1694,"href":"https:\/\/kolon-guclendirme.com\/balikesir\/wp-json\/wp\/v2\/posts\/326\/revisions\/1694"}],"wp:featuredmedia":[{"embeddable":true,"href":"https:\/\/kolon-guclendirme.com\/balikesir\/wp-json\/wp\/v2\/media\/1499"}],"wp:attachment":[{"href":"https:\/\/kolon-guclendirme.com\/balikesir\/wp-json\/wp\/v2\/media?parent=326"}],"wp:term":[{"taxonomy":"category","embeddable":true,"href":"https:\/\/kolon-guclendirme.com\/balikesir\/wp-json\/wp\/v2\/categories?post=326"},{"taxonomy":"post_tag","embeddable":true,"href":"https:\/\/kolon-guclendirme.com\/balikesir\/wp-json\/wp\/v2\/tags?post=326"}],"curies":[{"name":"wp","href":"https:\/\/api.w.org\/{rel}","templated":true}]}}