{"id":308,"date":"2023-10-01T11:11:32","date_gmt":"2023-10-01T08:11:32","guid":{"rendered":"https:\/\/kolon-guclendirme.com\/balikesir\/balikesir-tavan-karbon-lif-kaplama\/"},"modified":"2023-10-01T11:11:32","modified_gmt":"2023-10-01T08:11:32","slug":"balikesir-tavan-karbon-lif-kaplama","status":"publish","type":"post","link":"https:\/\/kolon-guclendirme.com\/balikesir\/balikesir-tavan-karbon-lif-kaplama\/","title":{"rendered":"Bal\u0131kesir Tavan karbon lif kaplama"},"content":{"rendered":"<p>Bal\u0131kesir Tavan karbon lif kaplama Ba\u015fl\u0131k: S\u0131nd\u0131rg\u0131\u2019da Kiri\u015f FRP Fiber Kaplama: Dayan\u0131kl\u0131l\u0131\u011f\u0131n Korundu\u011fu \u0130n\u015faat Projeleri Giri\u015f: Bal\u0131kesir\u2019in S\u0131nd\u0131rg\u0131 il\u00e7esi, tarihi ve do\u011fal g\u00fczellikleriyle \u00f6ne \u00e7\u0131kar. Bu blog yaz\u0131s\u0131nda, S\u0131nd\u0131rg\u0131\u2019da faaliyet g\u00f6steren bir kiri\u015f FRP fiber kaplama firmas\u0131 hakk\u0131nda bilgi verilecektir. \u0130n\u015faat projelerinde dayan\u0131kl\u0131l\u0131\u011f\u0131 korumak i\u00e7in etkili \u00e7\u00f6z\u00fcmler sunuluyor. 1. Firma Profili: S\u0131nd\u0131rg\u0131\u2019daki XYZ FRP Kaplama Firmas\u0131, uzun y\u0131llara dayanan deneyimiyle kiri\u015flerin FRP fiber kaplamas\u0131 hizmeti sunan bir \u00f6nc\u00fcd\u00fcr. M\u00fc\u015fteri memnuniyetini \u00f6n planda tutan firma, kaliteli malzemeler ve uzman ekibiyle g\u00fcvenilir sonu\u00e7lar sa\u011flar. 2. Kiri\u015f FRP Fiber Kaplama: Kiri\u015fler, in\u015faat projelerinde \u00f6nemli bir rol oynar. FRP fiber kaplama, kiri\u015flerin dayan\u0131kl\u0131l\u0131\u011f\u0131n\u0131 art\u0131rarak yap\u0131lar\u0131n uzun \u00f6m\u00fcrl\u00fc olmas\u0131n\u0131 sa\u011flar. S\u0131nd\u0131rg\u0131\u2019daki bu firma, kiri\u015flerin FRP fiber kaplamas\u0131n\u0131 ba\u015far\u0131yla ger\u00e7ekle\u015ftirir. 3. Avantajlar\u0131: \u2013 Kiri\u015flerin FRP fiber kaplamas\u0131, dayan\u0131kl\u0131l\u0131\u011f\u0131 art\u0131r\u0131r ve yap\u0131lar\u0131n g\u00fcvenli\u011fini sa\u011flar. \u2013 Uygulama s\u00fcreci h\u0131zl\u0131d\u0131r ve in\u015faat faaliyetlerini minimum seviyede etkiler. \u2013 FRP fiber kaplama, kiri\u015flerin korozyona, yang\u0131na ve di\u011fer \u00e7evresel etkilere kar\u015f\u0131 direncini art\u0131r\u0131r. \u2013 Y\u00fcksek mukavemetli ve hafif malzemeler kullan\u0131larak yap\u0131lar\u0131n ta\u015f\u0131ma kapasitesi optimize edilir. Sonu\u00e7: S\u0131nd\u0131rg\u0131\u2019daki XYZ FRP Kaplama Firmas\u0131, kiri\u015flerin FRP fiber kaplamas\u0131 konusunda g\u00fcvenilir bir hizmet sunar. \u0130n\u015faat projelerinde dayan\u0131kl\u0131l\u0131\u011f\u0131n korunmas\u0131 ve g\u00fcvenli\u011fin sa\u011flanmas\u0131 i\u00e7in etkili bir \u00e7\u00f6z\u00fcm sunar. S\u0131nd\u0131rg\u0131\u2019daki in\u015faat sahipleri, XYZ FRP Kaplama Firmas\u0131 ile \u00e7al\u0131\u015farak yap\u0131lar\u0131n\u0131 sa\u011flamla\u015ft\u0131rabilir ve uzun \u00f6m\u00fcrl\u00fc in\u015faat projeleri ger\u00e7ekle\u015ftirebilirler. www.karbonguclendirme.com +905427483855 Instagram Facebook TikTok Twitter Medium LinkedIn Link Link Link Link Link Link<\/p>\n<p>        <!-- \/wp:paragraph --><\/p>\n<div id='gallery-1' class='gallery galleryid-308 gallery-columns-2 gallery-size-large'><figure class='gallery-item'>\n\t\t\t<div class='gallery-icon portrait'>\n\t\t\t\t<a href='https:\/\/kolon-guclendirme.com\/balikesir\/wp-content\/uploads\/sites\/19\/2023\/09\/Balikesir-FRP-Bina-Guclendirme-Yonetmeligi-93111.webp'><img loading=\"lazy\" decoding=\"async\" width=\"853\" height=\"1200\" src=\"https:\/\/kolon-guclendirme.com\/balikesir\/wp-content\/uploads\/sites\/19\/2023\/09\/Balikesir-FRP-Bina-Guclendirme-Yonetmeligi-93111.webp\" class=\"attachment-large size-large\" alt=\"G\u00f6me\u00e7 Frp tavan g\u00fc\u00e7lendirme sistemleri\" srcset=\"https:\/\/kolon-guclendirme.com\/balikesir\/wp-content\/uploads\/sites\/19\/2023\/09\/Balikesir-FRP-Bina-Guclendirme-Yonetmeligi-93111.webp 853w, https:\/\/kolon-guclendirme.com\/balikesir\/wp-content\/uploads\/sites\/19\/2023\/09\/Balikesir-FRP-Bina-Guclendirme-Yonetmeligi-93111-768x1080.webp 768w\" sizes=\"(max-width: 853px) 100vw, 853px\" \/><\/a>\n\t\t\t<\/div><\/figure><figure class='gallery-item'>\n\t\t\t<div class='gallery-icon portrait'>\n\t\t\t\t<a href='https:\/\/kolon-guclendirme.com\/balikesir\/wp-content\/uploads\/sites\/19\/2023\/09\/Balikesir-Teras-frp-fiber-kaplama-malzemesi-39696.webp'><img loading=\"lazy\" decoding=\"async\" width=\"853\" height=\"1200\" src=\"https:\/\/kolon-guclendirme.com\/balikesir\/wp-content\/uploads\/sites\/19\/2023\/09\/Balikesir-Teras-frp-fiber-kaplama-malzemesi-39696.webp\" class=\"attachment-large size-large\" alt=\"G\u00f6me\u00e7 Kiri\u015f karbon lif kaplama sistemleri\" srcset=\"https:\/\/kolon-guclendirme.com\/balikesir\/wp-content\/uploads\/sites\/19\/2023\/09\/Balikesir-Teras-frp-fiber-kaplama-malzemesi-39696.webp 853w, https:\/\/kolon-guclendirme.com\/balikesir\/wp-content\/uploads\/sites\/19\/2023\/09\/Balikesir-Teras-frp-fiber-kaplama-malzemesi-39696-768x1080.webp 768w\" sizes=\"(max-width: 853px) 100vw, 853px\" \/><\/a>\n\t\t\t<\/div><\/figure>\n\t\t<\/div>\n\n","protected":false},"excerpt":{"rendered":"<p>Bal\u0131kesir Tavan karbon lif kaplama Ba\u015fl\u0131k: S\u0131nd\u0131rg\u0131\u2019da Kiri\u015f FRP Fiber Kaplama: Dayan\u0131kl\u0131l\u0131\u011f\u0131n Korundu\u011fu \u0130n\u015faat Projeleri Giri\u015f: Bal\u0131kesir\u2019in S\u0131nd\u0131rg\u0131 il\u00e7esi, tarihi ve do\u011fal g\u00fczellikleriyle \u00f6ne \u00e7\u0131kar. Bu blog yaz\u0131s\u0131nda, S\u0131nd\u0131rg\u0131\u2019da faaliyet &#8230;<\/p>\n","protected":false},"author":1,"featured_media":1598,"comment_status":"open","ping_status":"open","sticky":false,"template":"","format":"standard","meta":{"footnotes":""},"categories":[1],"tags":[43,44,45,46],"_links":{"self":[{"href":"https:\/\/kolon-guclendirme.com\/balikesir\/wp-json\/wp\/v2\/posts\/308"}],"collection":[{"href":"https:\/\/kolon-guclendirme.com\/balikesir\/wp-json\/wp\/v2\/posts"}],"about":[{"href":"https:\/\/kolon-guclendirme.com\/balikesir\/wp-json\/wp\/v2\/types\/post"}],"author":[{"embeddable":true,"href":"https:\/\/kolon-guclendirme.com\/balikesir\/wp-json\/wp\/v2\/users\/1"}],"replies":[{"embeddable":true,"href":"https:\/\/kolon-guclendirme.com\/balikesir\/wp-json\/wp\/v2\/comments?post=308"}],"version-history":[{"count":1,"href":"https:\/\/kolon-guclendirme.com\/balikesir\/wp-json\/wp\/v2\/posts\/308\/revisions"}],"predecessor-version":[{"id":1697,"href":"https:\/\/kolon-guclendirme.com\/balikesir\/wp-json\/wp\/v2\/posts\/308\/revisions\/1697"}],"wp:featuredmedia":[{"embeddable":true,"href":"https:\/\/kolon-guclendirme.com\/balikesir\/wp-json\/wp\/v2\/media\/1598"}],"wp:attachment":[{"href":"https:\/\/kolon-guclendirme.com\/balikesir\/wp-json\/wp\/v2\/media?parent=308"}],"wp:term":[{"taxonomy":"category","embeddable":true,"href":"https:\/\/kolon-guclendirme.com\/balikesir\/wp-json\/wp\/v2\/categories?post=308"},{"taxonomy":"post_tag","embeddable":true,"href":"https:\/\/kolon-guclendirme.com\/balikesir\/wp-json\/wp\/v2\/tags?post=308"}],"curies":[{"name":"wp","href":"https:\/\/api.w.org\/{rel}","templated":true}]}}