{"id":272,"date":"2023-10-01T11:11:35","date_gmt":"2023-10-01T08:11:35","guid":{"rendered":"https:\/\/kolon-guclendirme.com\/balikesir\/balikesir-karbon-fiber-yapi-guclendirme\/"},"modified":"2023-10-01T11:11:35","modified_gmt":"2023-10-01T08:11:35","slug":"balikesir-karbon-fiber-yapi-guclendirme","status":"publish","type":"post","link":"https:\/\/kolon-guclendirme.com\/balikesir\/balikesir-karbon-fiber-yapi-guclendirme\/","title":{"rendered":"Bal\u0131kesir karbon fiber yap\u0131 g\u00fc\u00e7lendirme"},"content":{"rendered":"<p>Bal\u0131kesir karbon fiber yap\u0131 g\u00fc\u00e7lendirme \u201cMarmara\u2019da G\u00fc\u00e7l\u00fc Yap\u0131lar: Bal\u0131kesir\u2019de Bina G\u00fc\u00e7lendirme m\u00b2 Fiyatlar\u0131! Bal\u0131kesir il\u00e7esi Marmara b\u00f6lgesinde bina g\u00fc\u00e7lendirme m\u00b2 fiyatlar\u0131 merak ediliyor. Bu blog yaz\u0131s\u0131nda, Marmara\u2019daki bina g\u00fc\u00e7lendirme \u00e7al\u0131\u015fmalar\u0131n\u0131n m\u00b2 fiyatlar\u0131na de\u011fineceksiniz. Bina g\u00fc\u00e7lendirme, yap\u0131lar\u0131n dayan\u0131kl\u0131l\u0131\u011f\u0131n\u0131 art\u0131rarak g\u00fcvenli bir ya\u015fam sa\u011flar. Bal\u0131kesir\u2019deki projelerde uygulanan bina g\u00fc\u00e7lendirme m\u00b2 fiyatlar\u0131, yap\u0131 \u00f6zellikleri ve alan b\u00fcy\u00fckl\u00fc\u011f\u00fcne ba\u011fl\u0131 olarak de\u011fi\u015fiklik g\u00f6stermektedir. Detaylar i\u00e7in okumaya devam edin!\u201d www.arckarbonguclendirme.com +905427483855 Instagram Facebook TikTok Twitter Medium LinkedIn Link Link Link Link Link Link<\/p>\n<p>        <!-- \/wp:paragraph --><\/p>\n<div id='gallery-1' class='gallery galleryid-272 gallery-columns-2 gallery-size-large'><figure class='gallery-item'>\n\t\t\t<div class='gallery-icon portrait'>\n\t\t\t\t<a href='https:\/\/kolon-guclendirme.com\/balikesir\/wp-content\/uploads\/sites\/19\/2023\/09\/Balikesir-karbon-fiber-kolon-guclendirme-maliyeti-6195.webp'><img loading=\"lazy\" decoding=\"async\" width=\"853\" height=\"1200\" src=\"https:\/\/kolon-guclendirme.com\/balikesir\/wp-content\/uploads\/sites\/19\/2023\/09\/Balikesir-karbon-fiber-kolon-guclendirme-maliyeti-6195.webp\" class=\"attachment-large size-large\" alt=\"Ayval\u0131k karbon fiber ile g\u00fc\u00e7lendirme i\u015fleri\" srcset=\"https:\/\/kolon-guclendirme.com\/balikesir\/wp-content\/uploads\/sites\/19\/2023\/09\/Balikesir-karbon-fiber-kolon-guclendirme-maliyeti-6195.webp 853w, https:\/\/kolon-guclendirme.com\/balikesir\/wp-content\/uploads\/sites\/19\/2023\/09\/Balikesir-karbon-fiber-kolon-guclendirme-maliyeti-6195-768x1080.webp 768w\" sizes=\"(max-width: 853px) 100vw, 853px\" \/><\/a>\n\t\t\t<\/div><\/figure><figure class='gallery-item'>\n\t\t\t<div class='gallery-icon portrait'>\n\t\t\t\t<a href='https:\/\/kolon-guclendirme.com\/balikesir\/wp-content\/uploads\/sites\/19\/2023\/09\/Balikesir-Kolon-karbon-fiber-kaplama-malzemesi-63676.webp'><img loading=\"lazy\" decoding=\"async\" width=\"853\" height=\"1200\" src=\"https:\/\/kolon-guclendirme.com\/balikesir\/wp-content\/uploads\/sites\/19\/2023\/09\/Balikesir-Kolon-karbon-fiber-kaplama-malzemesi-63676.webp\" class=\"attachment-large size-large\" alt=\"Kepsut Zemin karbon ke\u00e7e g\u00fc\u00e7lendirme fiyat\u0131\" srcset=\"https:\/\/kolon-guclendirme.com\/balikesir\/wp-content\/uploads\/sites\/19\/2023\/09\/Balikesir-Kolon-karbon-fiber-kaplama-malzemesi-63676.webp 853w, https:\/\/kolon-guclendirme.com\/balikesir\/wp-content\/uploads\/sites\/19\/2023\/09\/Balikesir-Kolon-karbon-fiber-kaplama-malzemesi-63676-768x1080.webp 768w\" sizes=\"(max-width: 853px) 100vw, 853px\" \/><\/a>\n\t\t\t<\/div><\/figure>\n\t\t<\/div>\n\n","protected":false},"excerpt":{"rendered":"<p>Bal\u0131kesir karbon fiber yap\u0131 g\u00fc\u00e7lendirme \u201cMarmara\u2019da G\u00fc\u00e7l\u00fc Yap\u0131lar: Bal\u0131kesir\u2019de Bina G\u00fc\u00e7lendirme m\u00b2 Fiyatlar\u0131! Bal\u0131kesir il\u00e7esi Marmara b\u00f6lgesinde bina g\u00fc\u00e7lendirme m\u00b2 fiyatlar\u0131 merak ediliyor. Bu blog yaz\u0131s\u0131nda, Marmara\u2019daki bina g\u00fc\u00e7lendirme \u00e7al\u0131\u015fmalar\u0131n\u0131n &#8230;<\/p>\n","protected":false},"author":1,"featured_media":1530,"comment_status":"open","ping_status":"open","sticky":false,"template":"","format":"standard","meta":{"footnotes":""},"categories":[1],"tags":[14,43,9,27,36],"_links":{"self":[{"href":"https:\/\/kolon-guclendirme.com\/balikesir\/wp-json\/wp\/v2\/posts\/272"}],"collection":[{"href":"https:\/\/kolon-guclendirme.com\/balikesir\/wp-json\/wp\/v2\/posts"}],"about":[{"href":"https:\/\/kolon-guclendirme.com\/balikesir\/wp-json\/wp\/v2\/types\/post"}],"author":[{"embeddable":true,"href":"https:\/\/kolon-guclendirme.com\/balikesir\/wp-json\/wp\/v2\/users\/1"}],"replies":[{"embeddable":true,"href":"https:\/\/kolon-guclendirme.com\/balikesir\/wp-json\/wp\/v2\/comments?post=272"}],"version-history":[{"count":1,"href":"https:\/\/kolon-guclendirme.com\/balikesir\/wp-json\/wp\/v2\/posts\/272\/revisions"}],"predecessor-version":[{"id":1703,"href":"https:\/\/kolon-guclendirme.com\/balikesir\/wp-json\/wp\/v2\/posts\/272\/revisions\/1703"}],"wp:featuredmedia":[{"embeddable":true,"href":"https:\/\/kolon-guclendirme.com\/balikesir\/wp-json\/wp\/v2\/media\/1530"}],"wp:attachment":[{"href":"https:\/\/kolon-guclendirme.com\/balikesir\/wp-json\/wp\/v2\/media?parent=272"}],"wp:term":[{"taxonomy":"category","embeddable":true,"href":"https:\/\/kolon-guclendirme.com\/balikesir\/wp-json\/wp\/v2\/categories?post=272"},{"taxonomy":"post_tag","embeddable":true,"href":"https:\/\/kolon-guclendirme.com\/balikesir\/wp-json\/wp\/v2\/tags?post=272"}],"curies":[{"name":"wp","href":"https:\/\/api.w.org\/{rel}","templated":true}]}}