{"id":248,"date":"2023-10-01T11:11:37","date_gmt":"2023-10-01T08:11:37","guid":{"rendered":"https:\/\/kolon-guclendirme.com\/balikesir\/balikesir-kiris-frp-elyaf-guclendirme-sistemleri\/"},"modified":"2023-10-01T11:11:37","modified_gmt":"2023-10-01T08:11:37","slug":"balikesir-kiris-frp-elyaf-guclendirme-sistemleri","status":"publish","type":"post","link":"https:\/\/kolon-guclendirme.com\/balikesir\/balikesir-kiris-frp-elyaf-guclendirme-sistemleri\/","title":{"rendered":"Bal\u0131kesir Kiri\u015f frp elyaf g\u00fc\u00e7lendirme sistemleri"},"content":{"rendered":"<p>Bal\u0131kesir Kiri\u015f, s\u00fcrekli olarak b\u00fcy\u00fcyen bir \u015fehirdir. N\u00fcfusun artmas\u0131yla birlikte, insanlar\u0131n ihtiya\u00e7lar\u0131 da artmaktad\u0131r. Bu nedenle, \u015fehirdeki binalar\u0131n g\u00fc\u00e7lendirilmesi gerekmektedir. Frp elyaf g\u00fc\u00e7lendirme sistemi, binalar\u0131n en iyi \u015fekilde g\u00fc\u00e7lendirilmesini sa\u011flar. Bu sistem, binalar\u0131n daha sa\u011flam ve dayan\u0131kl\u0131 hale gelmesini sa\u011flar. Binalar\u0131n g\u00fc\u00e7lendirilmesi, insanlar\u0131n g\u00fcvenli\u011fini sa\u011flar. Bu nedenle, frp elyaf g\u00fc\u00e7lendirme sistemi, \u015fehirdeki binalar\u0131n g\u00fc\u00e7lendirilmesinde kullan\u0131lmal\u0131d\u0131r.<\/p>\n<p>        <!-- \/wp:paragraph --><\/p>\n<div id='gallery-1' class='gallery galleryid-248 gallery-columns-2 gallery-size-large'><figure class='gallery-item'>\n\t\t\t<div class='gallery-icon portrait'>\n\t\t\t\t<a href='https:\/\/kolon-guclendirme.com\/balikesir\/wp-content\/uploads\/sites\/19\/2023\/09\/Balikesir-Karbon-lif-teras-guclendirme-ustasi-28149.webp'><img loading=\"lazy\" decoding=\"async\" width=\"853\" height=\"1200\" src=\"https:\/\/kolon-guclendirme.com\/balikesir\/wp-content\/uploads\/sites\/19\/2023\/09\/Balikesir-Karbon-lif-teras-guclendirme-ustasi-28149.webp\" class=\"attachment-large size-large\" alt=\"\" srcset=\"https:\/\/kolon-guclendirme.com\/balikesir\/wp-content\/uploads\/sites\/19\/2023\/09\/Balikesir-Karbon-lif-teras-guclendirme-ustasi-28149.webp 853w, https:\/\/kolon-guclendirme.com\/balikesir\/wp-content\/uploads\/sites\/19\/2023\/09\/Balikesir-Karbon-lif-teras-guclendirme-ustasi-28149-768x1080.webp 768w\" sizes=\"(max-width: 853px) 100vw, 853px\" \/><\/a>\n\t\t\t<\/div><\/figure><figure class='gallery-item'>\n\t\t\t<div class='gallery-icon portrait'>\n\t\t\t\t<a href='https:\/\/kolon-guclendirme.com\/balikesir\/wp-content\/uploads\/sites\/19\/2023\/09\/Balikesir-Yapi-karbon-elyaf-guclendirme-ustasi-97371.webp'><img loading=\"lazy\" decoding=\"async\" width=\"853\" height=\"1200\" src=\"https:\/\/kolon-guclendirme.com\/balikesir\/wp-content\/uploads\/sites\/19\/2023\/09\/Balikesir-Yapi-karbon-elyaf-guclendirme-ustasi-97371.webp\" class=\"attachment-large size-large\" alt=\"Ayval\u0131k Frp fiber teras g\u00fc\u00e7lendirme maliyeti\" srcset=\"https:\/\/kolon-guclendirme.com\/balikesir\/wp-content\/uploads\/sites\/19\/2023\/09\/Balikesir-Yapi-karbon-elyaf-guclendirme-ustasi-97371.webp 853w, https:\/\/kolon-guclendirme.com\/balikesir\/wp-content\/uploads\/sites\/19\/2023\/09\/Balikesir-Yapi-karbon-elyaf-guclendirme-ustasi-97371-768x1080.webp 768w\" sizes=\"(max-width: 853px) 100vw, 853px\" \/><\/a>\n\t\t\t<\/div><\/figure>\n\t\t<\/div>\n\n","protected":false},"excerpt":{"rendered":"<p>Bal\u0131kesir Kiri\u015f, s\u00fcrekli olarak b\u00fcy\u00fcyen bir \u015fehirdir. N\u00fcfusun artmas\u0131yla birlikte, insanlar\u0131n ihtiya\u00e7lar\u0131 da artmaktad\u0131r. Bu nedenle, \u015fehirdeki binalar\u0131n g\u00fc\u00e7lendirilmesi gerekmektedir. Frp elyaf g\u00fc\u00e7lendirme sistemi, binalar\u0131n en iyi \u015fekilde g\u00fc\u00e7lendirilmesini sa\u011flar. &#8230;<\/p>\n","protected":false},"author":1,"featured_media":1590,"comment_status":"open","ping_status":"open","sticky":false,"template":"","format":"standard","meta":{"footnotes":""},"categories":[1],"tags":[52,10,9,21,53],"_links":{"self":[{"href":"https:\/\/kolon-guclendirme.com\/balikesir\/wp-json\/wp\/v2\/posts\/248"}],"collection":[{"href":"https:\/\/kolon-guclendirme.com\/balikesir\/wp-json\/wp\/v2\/posts"}],"about":[{"href":"https:\/\/kolon-guclendirme.com\/balikesir\/wp-json\/wp\/v2\/types\/post"}],"author":[{"embeddable":true,"href":"https:\/\/kolon-guclendirme.com\/balikesir\/wp-json\/wp\/v2\/users\/1"}],"replies":[{"embeddable":true,"href":"https:\/\/kolon-guclendirme.com\/balikesir\/wp-json\/wp\/v2\/comments?post=248"}],"version-history":[{"count":1,"href":"https:\/\/kolon-guclendirme.com\/balikesir\/wp-json\/wp\/v2\/posts\/248\/revisions"}],"predecessor-version":[{"id":1707,"href":"https:\/\/kolon-guclendirme.com\/balikesir\/wp-json\/wp\/v2\/posts\/248\/revisions\/1707"}],"wp:featuredmedia":[{"embeddable":true,"href":"https:\/\/kolon-guclendirme.com\/balikesir\/wp-json\/wp\/v2\/media\/1590"}],"wp:attachment":[{"href":"https:\/\/kolon-guclendirme.com\/balikesir\/wp-json\/wp\/v2\/media?parent=248"}],"wp:term":[{"taxonomy":"category","embeddable":true,"href":"https:\/\/kolon-guclendirme.com\/balikesir\/wp-json\/wp\/v2\/categories?post=248"},{"taxonomy":"post_tag","embeddable":true,"href":"https:\/\/kolon-guclendirme.com\/balikesir\/wp-json\/wp\/v2\/tags?post=248"}],"curies":[{"name":"wp","href":"https:\/\/api.w.org\/{rel}","templated":true}]}}