{"id":224,"date":"2023-10-01T11:11:39","date_gmt":"2023-10-01T08:11:39","guid":{"rendered":"https:\/\/kolon-guclendirme.com\/balikesir\/balikesir-2-katli-apartman-guclendirme-ustasi\/"},"modified":"2023-10-01T11:11:39","modified_gmt":"2023-10-01T08:11:39","slug":"balikesir-2-katli-apartman-guclendirme-ustasi","status":"publish","type":"post","link":"https:\/\/kolon-guclendirme.com\/balikesir\/balikesir-2-katli-apartman-guclendirme-ustasi\/","title":{"rendered":"Bal\u0131kesir  katl\u0131 apartman g\u00fc\u00e7lendirme ustas\u0131"},"content":{"rendered":"<p>Bal\u0131kesir\u2019de 2 katl\u0131 apartman g\u00fc\u00e7lendirme ustalar\u0131, \u015fehirdeki apartmanlar\u0131n g\u00fcvenli ve sa\u011flam olmas\u0131n\u0131 sa\u011flamak i\u00e7in \u00f6nemli bir i\u015flev g\u00f6r\u00fcr. Ustalar, apartmanlar\u0131n temellerini ve duvarlar\u0131n\u0131 g\u00fc\u00e7lendirerek, kar\u015f\u0131la\u015f\u0131labilecek afetlerden, sel sular\u0131ndan veya di\u011fer zararl\u0131 etkilerden korunmas\u0131n\u0131 sa\u011flar. Ustalar, kaliteli malzemeler ve iyi bir teknik ile \u00e7al\u0131\u015f\u0131r ve sonu\u00e7 olarak apartmanlar\u0131n g\u00fcvenli\u011fini art\u0131r\u0131r. Ustalar ayr\u0131ca, apartmanlar\u0131n daha uzun \u00f6m\u00fcrl\u00fc olmas\u0131n\u0131 sa\u011flamak i\u00e7in temel ve duvarlar\u0131n yenilenmesini de sa\u011flayabilir. Bu ustalar\u0131n tecr\u00fcbesi ve becerileri, Bal\u0131kesir\u2019deki apartmanlar\u0131n sa\u011flam ve g\u00fcvenli olmas\u0131n\u0131 sa\u011flar<\/p>\n<p>        <!-- \/wp:paragraph --><\/p>\n<div id='gallery-1' class='gallery galleryid-224 gallery-columns-2 gallery-size-large'><figure class='gallery-item'>\n\t\t\t<div class='gallery-icon portrait'>\n\t\t\t\t<a href='https:\/\/kolon-guclendirme.com\/balikesir\/wp-content\/uploads\/sites\/19\/2023\/09\/Balikesir-karbon-fiber-kolon-guclendirme-maliyeti-6195.webp'><img loading=\"lazy\" decoding=\"async\" width=\"853\" height=\"1200\" src=\"https:\/\/kolon-guclendirme.com\/balikesir\/wp-content\/uploads\/sites\/19\/2023\/09\/Balikesir-karbon-fiber-kolon-guclendirme-maliyeti-6195.webp\" class=\"attachment-large size-large\" alt=\"Ayval\u0131k karbon fiber ile g\u00fc\u00e7lendirme i\u015fleri\" srcset=\"https:\/\/kolon-guclendirme.com\/balikesir\/wp-content\/uploads\/sites\/19\/2023\/09\/Balikesir-karbon-fiber-kolon-guclendirme-maliyeti-6195.webp 853w, https:\/\/kolon-guclendirme.com\/balikesir\/wp-content\/uploads\/sites\/19\/2023\/09\/Balikesir-karbon-fiber-kolon-guclendirme-maliyeti-6195-768x1080.webp 768w\" sizes=\"(max-width: 853px) 100vw, 853px\" \/><\/a>\n\t\t\t<\/div><\/figure><figure class='gallery-item'>\n\t\t\t<div class='gallery-icon portrait'>\n\t\t\t\t<a href='https:\/\/kolon-guclendirme.com\/balikesir\/wp-content\/uploads\/sites\/19\/2023\/09\/Balikesir-Teras-frp-fiber-kaplama-malzemesi-39696.webp'><img loading=\"lazy\" decoding=\"async\" width=\"853\" height=\"1200\" src=\"https:\/\/kolon-guclendirme.com\/balikesir\/wp-content\/uploads\/sites\/19\/2023\/09\/Balikesir-Teras-frp-fiber-kaplama-malzemesi-39696.webp\" class=\"attachment-large size-large\" alt=\"G\u00f6me\u00e7 Kiri\u015f karbon lif kaplama sistemleri\" srcset=\"https:\/\/kolon-guclendirme.com\/balikesir\/wp-content\/uploads\/sites\/19\/2023\/09\/Balikesir-Teras-frp-fiber-kaplama-malzemesi-39696.webp 853w, https:\/\/kolon-guclendirme.com\/balikesir\/wp-content\/uploads\/sites\/19\/2023\/09\/Balikesir-Teras-frp-fiber-kaplama-malzemesi-39696-768x1080.webp 768w\" sizes=\"(max-width: 853px) 100vw, 853px\" \/><\/a>\n\t\t\t<\/div><\/figure>\n\t\t<\/div>\n\n","protected":false},"excerpt":{"rendered":"<p>Bal\u0131kesir\u2019de 2 katl\u0131 apartman g\u00fc\u00e7lendirme ustalar\u0131, \u015fehirdeki apartmanlar\u0131n g\u00fcvenli ve sa\u011flam olmas\u0131n\u0131 sa\u011flamak i\u00e7in \u00f6nemli bir i\u015flev g\u00f6r\u00fcr. Ustalar, apartmanlar\u0131n temellerini ve duvarlar\u0131n\u0131 g\u00fc\u00e7lendirerek, kar\u015f\u0131la\u015f\u0131labilecek afetlerden, sel sular\u0131ndan veya di\u011fer &#8230;<\/p>\n","protected":false},"author":1,"featured_media":1475,"comment_status":"open","ping_status":"open","sticky":false,"template":"","format":"standard","meta":{"footnotes":""},"categories":[1],"tags":[63,59,62,60,61],"_links":{"self":[{"href":"https:\/\/kolon-guclendirme.com\/balikesir\/wp-json\/wp\/v2\/posts\/224"}],"collection":[{"href":"https:\/\/kolon-guclendirme.com\/balikesir\/wp-json\/wp\/v2\/posts"}],"about":[{"href":"https:\/\/kolon-guclendirme.com\/balikesir\/wp-json\/wp\/v2\/types\/post"}],"author":[{"embeddable":true,"href":"https:\/\/kolon-guclendirme.com\/balikesir\/wp-json\/wp\/v2\/users\/1"}],"replies":[{"embeddable":true,"href":"https:\/\/kolon-guclendirme.com\/balikesir\/wp-json\/wp\/v2\/comments?post=224"}],"version-history":[{"count":1,"href":"https:\/\/kolon-guclendirme.com\/balikesir\/wp-json\/wp\/v2\/posts\/224\/revisions"}],"predecessor-version":[{"id":1711,"href":"https:\/\/kolon-guclendirme.com\/balikesir\/wp-json\/wp\/v2\/posts\/224\/revisions\/1711"}],"wp:featuredmedia":[{"embeddable":true,"href":"https:\/\/kolon-guclendirme.com\/balikesir\/wp-json\/wp\/v2\/media\/1475"}],"wp:attachment":[{"href":"https:\/\/kolon-guclendirme.com\/balikesir\/wp-json\/wp\/v2\/media?parent=224"}],"wp:term":[{"taxonomy":"category","embeddable":true,"href":"https:\/\/kolon-guclendirme.com\/balikesir\/wp-json\/wp\/v2\/categories?post=224"},{"taxonomy":"post_tag","embeddable":true,"href":"https:\/\/kolon-guclendirme.com\/balikesir\/wp-json\/wp\/v2\/tags?post=224"}],"curies":[{"name":"wp","href":"https:\/\/api.w.org\/{rel}","templated":true}]}}