{"id":200,"date":"2023-10-01T11:11:41","date_gmt":"2023-10-01T08:11:41","guid":{"rendered":"https:\/\/kolon-guclendirme.com\/balikesir\/balikesir-karbon-fiber-kiris-guclendirme-malzemesi\/"},"modified":"2023-10-01T11:11:41","modified_gmt":"2023-10-01T08:11:41","slug":"balikesir-karbon-fiber-kiris-guclendirme-malzemesi","status":"publish","type":"post","link":"https:\/\/kolon-guclendirme.com\/balikesir\/balikesir-karbon-fiber-kiris-guclendirme-malzemesi\/","title":{"rendered":"Bal\u0131kesir Karbon fiber kiri\u015f g\u00fc\u00e7lendirme malzemesi"},"content":{"rendered":"<p>Karbon fiber, g\u00fc\u00e7lendirme malzemesi olarak \u00e7ok pop\u00fcler hale geliyor. Bal\u0131kesir\u2019deki \u00e7ok say\u0131da in\u015faat projesi, karbon fiber kiri\u015f g\u00fc\u00e7lendirme malzemesini kullan\u0131yor. Bu malzeme, \u00e7ok daha hafiftir ve daha dayan\u0131kl\u0131d\u0131r. Y\u00fcksek mukavemeti, korozyona kar\u015f\u0131 direnci ve k\u0131sa uygulama s\u00fcresi sayesinde, in\u015faat malzemesi sekt\u00f6r\u00fcnde \u00f6nemli bir yer tutuyor. Karbon fiber kiri\u015f g\u00fc\u00e7lendirme malzemesi, dayan\u0131kl\u0131l\u0131\u011f\u0131n\u0131 art\u0131rmak i\u00e7in betonun i\u00e7ine s\u00fcr\u00fcl\u00fcr ve b\u00f6ylece betonun \u00f6zellikleri iyile\u015ftirilir. Bu malzeme, betonun sertli\u011fini ve dayan\u0131kl\u0131l\u0131\u011f\u0131n\u0131 art\u0131rarak, in\u015faat projelerinin daha g\u00fcvenli ve uzun \u00f6m\u00fcrl\u00fc olmas\u0131n\u0131 sa<\/p>\n<p>        <!-- \/wp:paragraph --><\/p>\n<div id='gallery-1' class='gallery galleryid-200 gallery-columns-2 gallery-size-large'><figure class='gallery-item'>\n\t\t\t<div class='gallery-icon portrait'>\n\t\t\t\t<a href='https:\/\/kolon-guclendirme.com\/balikesir\/wp-content\/uploads\/sites\/19\/2023\/09\/Balikesir-Kiris-karbon-elyaf-guclendirme-fiyati-17414.webp'><img loading=\"lazy\" decoding=\"async\" width=\"853\" height=\"1200\" src=\"https:\/\/kolon-guclendirme.com\/balikesir\/wp-content\/uploads\/sites\/19\/2023\/09\/Balikesir-Kiris-karbon-elyaf-guclendirme-fiyati-17414.webp\" class=\"attachment-large size-large\" alt=\"Dursunbey Karbon fiber duvar g\u00fc\u00e7lendirme sistemleri\" srcset=\"https:\/\/kolon-guclendirme.com\/balikesir\/wp-content\/uploads\/sites\/19\/2023\/09\/Balikesir-Kiris-karbon-elyaf-guclendirme-fiyati-17414.webp 853w, https:\/\/kolon-guclendirme.com\/balikesir\/wp-content\/uploads\/sites\/19\/2023\/09\/Balikesir-Kiris-karbon-elyaf-guclendirme-fiyati-17414-768x1080.webp 768w\" sizes=\"(max-width: 853px) 100vw, 853px\" \/><\/a>\n\t\t\t<\/div><\/figure><figure class='gallery-item'>\n\t\t\t<div class='gallery-icon portrait'>\n\t\t\t\t<a href='https:\/\/kolon-guclendirme.com\/balikesir\/wp-content\/uploads\/sites\/19\/2023\/09\/Balikesir-Kolon-karbon-elyaf-kaplama-firmalari-60776.webp'><img loading=\"lazy\" decoding=\"async\" width=\"853\" height=\"1200\" src=\"https:\/\/kolon-guclendirme.com\/balikesir\/wp-content\/uploads\/sites\/19\/2023\/09\/Balikesir-Kolon-karbon-elyaf-kaplama-firmalari-60776.webp\" class=\"attachment-large size-large\" alt=\"Alt\u0131eyl\u00fcl Kiri\u015f karbon ke\u00e7e kaplama fiyatlar\u0131\" srcset=\"https:\/\/kolon-guclendirme.com\/balikesir\/wp-content\/uploads\/sites\/19\/2023\/09\/Balikesir-Kolon-karbon-elyaf-kaplama-firmalari-60776.webp 853w, https:\/\/kolon-guclendirme.com\/balikesir\/wp-content\/uploads\/sites\/19\/2023\/09\/Balikesir-Kolon-karbon-elyaf-kaplama-firmalari-60776-768x1080.webp 768w\" sizes=\"(max-width: 853px) 100vw, 853px\" \/><\/a>\n\t\t\t<\/div><\/figure>\n\t\t<\/div>\n\n","protected":false},"excerpt":{"rendered":"<p>Karbon fiber, g\u00fc\u00e7lendirme malzemesi olarak \u00e7ok pop\u00fcler hale geliyor. Bal\u0131kesir\u2019deki \u00e7ok say\u0131da in\u015faat projesi, karbon fiber kiri\u015f g\u00fc\u00e7lendirme malzemesini kullan\u0131yor. Bu malzeme, \u00e7ok daha hafiftir ve daha dayan\u0131kl\u0131d\u0131r. Y\u00fcksek mukavemeti, &#8230;<\/p>\n","protected":false},"author":1,"featured_media":1553,"comment_status":"open","ping_status":"open","sticky":false,"template":"","format":"standard","meta":{"footnotes":""},"categories":[1],"tags":[71,43,9,74,73],"_links":{"self":[{"href":"https:\/\/kolon-guclendirme.com\/balikesir\/wp-json\/wp\/v2\/posts\/200"}],"collection":[{"href":"https:\/\/kolon-guclendirme.com\/balikesir\/wp-json\/wp\/v2\/posts"}],"about":[{"href":"https:\/\/kolon-guclendirme.com\/balikesir\/wp-json\/wp\/v2\/types\/post"}],"author":[{"embeddable":true,"href":"https:\/\/kolon-guclendirme.com\/balikesir\/wp-json\/wp\/v2\/users\/1"}],"replies":[{"embeddable":true,"href":"https:\/\/kolon-guclendirme.com\/balikesir\/wp-json\/wp\/v2\/comments?post=200"}],"version-history":[{"count":1,"href":"https:\/\/kolon-guclendirme.com\/balikesir\/wp-json\/wp\/v2\/posts\/200\/revisions"}],"predecessor-version":[{"id":1715,"href":"https:\/\/kolon-guclendirme.com\/balikesir\/wp-json\/wp\/v2\/posts\/200\/revisions\/1715"}],"wp:featuredmedia":[{"embeddable":true,"href":"https:\/\/kolon-guclendirme.com\/balikesir\/wp-json\/wp\/v2\/media\/1553"}],"wp:attachment":[{"href":"https:\/\/kolon-guclendirme.com\/balikesir\/wp-json\/wp\/v2\/media?parent=200"}],"wp:term":[{"taxonomy":"category","embeddable":true,"href":"https:\/\/kolon-guclendirme.com\/balikesir\/wp-json\/wp\/v2\/categories?post=200"},{"taxonomy":"post_tag","embeddable":true,"href":"https:\/\/kolon-guclendirme.com\/balikesir\/wp-json\/wp\/v2\/tags?post=200"}],"curies":[{"name":"wp","href":"https:\/\/api.w.org\/{rel}","templated":true}]}}