{"id":1839,"date":"2024-02-03T12:51:07","date_gmt":"2024-02-03T09:51:07","guid":{"rendered":"https:\/\/kolon-guclendirme.com\/balikesir\/karesi-bina-karbon-lif-kaplama\/"},"modified":"2024-02-03T12:51:10","modified_gmt":"2024-02-03T09:51:10","slug":"karesi-bina-karbon-lif-kaplama","status":"publish","type":"post","link":"https:\/\/kolon-guclendirme.com\/balikesir\/karesi-bina-karbon-lif-kaplama\/","title":{"rendered":"Karesi Bina karbon lif kaplama"},"content":{"rendered":"<p>**Karesi&#8217;de Bina Karbon Lif Kaplama**<\/p>\n<p>Bal\u0131kesir&#8217;in Karesi il\u00e7esinde, binalar\u0131 karbon lif kaplama ile g\u00fc\u00e7lendirmek i\u00e7in bir proje ba\u015flat\u0131ld\u0131. Bu proje, binalar\u0131n depreme ve di\u011fer do\u011fal afetlere kar\u015f\u0131 daha dayan\u0131kl\u0131 hale getirilmesini ama\u00e7l\u0131yor.<\/p>\n<p>Karbon lif kaplama, binalar\u0131n d\u0131\u015f y\u00fczeylerine uygulanan bir g\u00fc\u00e7lendirme y\u00f6ntemi. Bu kaplama, binalar\u0131n ta\u015f\u0131y\u0131c\u0131 sistemini g\u00fc\u00e7lendirerek deprem ve di\u011fer do\u011fal afetlere kar\u015f\u0131 daha dayan\u0131kl\u0131 hale getiriyor.<\/p>\n<p>Karesi&#8217;de ba\u015flat\u0131lan proje kapsam\u0131nda, il\u00e7e merkezindeki bir\u00e7ok bina karbon lif kaplama ile g\u00fc\u00e7lendirilecek. Bu proje, binalar\u0131n g\u00fcvenli\u011fini art\u0131rarak vatanda\u015flar\u0131n can ve mal g\u00fcvenli\u011fini sa\u011flayacak.<\/p>\n<p>Karbon lif kaplama, binalar\u0131n d\u0131\u015f y\u00fczeylerine uygulanan bir g\u00fc\u00e7lendirme y\u00f6ntemi. Bu kaplama, binalar\u0131n ta\u015f\u0131y\u0131c\u0131 sistemini g\u00fc\u00e7lendirerek deprem ve di\u011fer do\u011fal afetlere kar\u015f\u0131 daha dayan\u0131kl\u0131 hale getiriyor. Karbon lif kaplama, binalar\u0131n enerji verimlili\u011fini de art\u0131rabilir.<div id='gallery-1' class='gallery galleryid-1839 gallery-columns-2 gallery-size-large'><figure class='gallery-item'>\n\t\t\t<div class='gallery-icon portrait'>\n\t\t\t\t<a href='https:\/\/kolon-guclendirme.com\/balikesir\/wp-content\/uploads\/sites\/19\/2023\/09\/Balikesir-Guclendirme-yapilmazsa-ne-olur-32200.webp'><img loading=\"lazy\" decoding=\"async\" width=\"853\" height=\"1200\" src=\"https:\/\/kolon-guclendirme.com\/balikesir\/wp-content\/uploads\/sites\/19\/2023\/09\/Balikesir-Guclendirme-yapilmazsa-ne-olur-32200.webp\" class=\"attachment-large size-large\" alt=\"\" srcset=\"https:\/\/kolon-guclendirme.com\/balikesir\/wp-content\/uploads\/sites\/19\/2023\/09\/Balikesir-Guclendirme-yapilmazsa-ne-olur-32200.webp 853w, https:\/\/kolon-guclendirme.com\/balikesir\/wp-content\/uploads\/sites\/19\/2023\/09\/Balikesir-Guclendirme-yapilmazsa-ne-olur-32200-768x1080.webp 768w\" sizes=\"(max-width: 853px) 100vw, 853px\" \/><\/a>\n\t\t\t<\/div><\/figure><figure class='gallery-item'>\n\t\t\t<div class='gallery-icon portrait'>\n\t\t\t\t<a href='https:\/\/kolon-guclendirme.com\/balikesir\/wp-content\/uploads\/sites\/19\/2023\/09\/Balikesir-2-katli-bina-karbon-guclendirme-firmasi-93094.webp'><img loading=\"lazy\" decoding=\"async\" width=\"853\" height=\"1200\" src=\"https:\/\/kolon-guclendirme.com\/balikesir\/wp-content\/uploads\/sites\/19\/2023\/09\/Balikesir-2-katli-bina-karbon-guclendirme-firmasi-93094.webp\" class=\"attachment-large size-large\" alt=\"Susurluk Bina karbon g\u00fc\u00e7lendirme sistemleri\" srcset=\"https:\/\/kolon-guclendirme.com\/balikesir\/wp-content\/uploads\/sites\/19\/2023\/09\/Balikesir-2-katli-bina-karbon-guclendirme-firmasi-93094.webp 853w, https:\/\/kolon-guclendirme.com\/balikesir\/wp-content\/uploads\/sites\/19\/2023\/09\/Balikesir-2-katli-bina-karbon-guclendirme-firmasi-93094-768x1080.webp 768w\" sizes=\"(max-width: 853px) 100vw, 853px\" \/><\/a>\n\t\t\t<\/div><\/figure>\n\t\t<\/div>\n<\/p>\n","protected":false},"excerpt":{"rendered":"<p>**Karesi&#8217;de Bina Karbon Lif Kaplama** Bal\u0131kesir&#8217;in Karesi il\u00e7esinde, binalar\u0131 karbon lif kaplama ile g\u00fc\u00e7lendirmek i\u00e7in bir proje ba\u015flat\u0131ld\u0131. Bu proje, binalar\u0131n depreme ve di\u011fer do\u011fal afetlere kar\u015f\u0131 daha dayan\u0131kl\u0131 hale &#8230;<\/p>\n","protected":false},"author":1,"featured_media":1564,"comment_status":"closed","ping_status":"open","sticky":false,"template":"","format":"standard","meta":{"footnotes":""},"categories":[167],"tags":[52,193,194,44,27],"_links":{"self":[{"href":"https:\/\/kolon-guclendirme.com\/balikesir\/wp-json\/wp\/v2\/posts\/1839"}],"collection":[{"href":"https:\/\/kolon-guclendirme.com\/balikesir\/wp-json\/wp\/v2\/posts"}],"about":[{"href":"https:\/\/kolon-guclendirme.com\/balikesir\/wp-json\/wp\/v2\/types\/post"}],"author":[{"embeddable":true,"href":"https:\/\/kolon-guclendirme.com\/balikesir\/wp-json\/wp\/v2\/users\/1"}],"replies":[{"embeddable":true,"href":"https:\/\/kolon-guclendirme.com\/balikesir\/wp-json\/wp\/v2\/comments?post=1839"}],"version-history":[{"count":1,"href":"https:\/\/kolon-guclendirme.com\/balikesir\/wp-json\/wp\/v2\/posts\/1839\/revisions"}],"predecessor-version":[{"id":1840,"href":"https:\/\/kolon-guclendirme.com\/balikesir\/wp-json\/wp\/v2\/posts\/1839\/revisions\/1840"}],"wp:featuredmedia":[{"embeddable":true,"href":"https:\/\/kolon-guclendirme.com\/balikesir\/wp-json\/wp\/v2\/media\/1564"}],"wp:attachment":[{"href":"https:\/\/kolon-guclendirme.com\/balikesir\/wp-json\/wp\/v2\/media?parent=1839"}],"wp:term":[{"taxonomy":"category","embeddable":true,"href":"https:\/\/kolon-guclendirme.com\/balikesir\/wp-json\/wp\/v2\/categories?post=1839"},{"taxonomy":"post_tag","embeddable":true,"href":"https:\/\/kolon-guclendirme.com\/balikesir\/wp-json\/wp\/v2\/tags?post=1839"}],"curies":[{"name":"wp","href":"https:\/\/api.w.org\/{rel}","templated":true}]}}