{"id":1835,"date":"2024-01-28T12:39:04","date_gmt":"2024-01-28T09:39:04","guid":{"rendered":"https:\/\/kolon-guclendirme.com\/balikesir\/edremit-duvar-karbon-fiber-guclendirme-fiyati\/"},"modified":"2024-01-28T12:39:08","modified_gmt":"2024-01-28T09:39:08","slug":"edremit-duvar-karbon-fiber-guclendirme-fiyati","status":"publish","type":"post","link":"https:\/\/kolon-guclendirme.com\/balikesir\/edremit-duvar-karbon-fiber-guclendirme-fiyati\/","title":{"rendered":"Edremit Duvar karbon fiber g\u00fc\u00e7lendirme fiyat\u0131"},"content":{"rendered":"<p>Edremit, Bal\u0131kesir&#8217;in en g\u00fczel il\u00e7elerinden biridir. \u0130l\u00e7ede, tarihi ve do\u011fal g\u00fczellikler bir arada bulunmaktad\u0131r. Edremit&#8217;te, \u00f6zellikle duvar karbon fiber g\u00fc\u00e7lendirme i\u015flemi olduk\u00e7a yayg\u0131nd\u0131r. Bu i\u015flem, duvarlar\u0131n dayan\u0131kl\u0131l\u0131\u011f\u0131n\u0131 art\u0131rmak ve olas\u0131 hasarlar\u0131 \u00f6nlemek i\u00e7in yap\u0131l\u0131r.<\/p>\n<p>Duvar karbon fiber g\u00fc\u00e7lendirme fiyat\u0131, uygulanacak alan\u0131n b\u00fcy\u00fckl\u00fc\u011f\u00fcne, karbon fiber malzemelerinin kalitesine ve i\u015f\u00e7ilik \u00fccretlerine g\u00f6re de\u011fi\u015fmektedir. Genel olarak, Edremit&#8217;te duvar karbon fiber g\u00fc\u00e7lendirme fiyat\u0131 metrekare ba\u015f\u0131na 100 TL ile 200 TL aras\u0131nda de\u011fi\u015fmektedir.<\/p>\n<p>Duvar karbon fiber g\u00fc\u00e7lendirme i\u015flemi, uzman ki\u015filer taraf\u0131ndan yap\u0131lmal\u0131d\u0131r. Bu i\u015flem, \u00f6ncelikle duvarlar\u0131n temizlenmesi ve y\u00fczeylerinin d\u00fczle\u015ftirilmesiyle ba\u015flar. Ard\u0131ndan, karbon fiber malzemeleri duvara yap\u0131\u015ft\u0131r\u0131l\u0131r ve \u00f6zel bir re\u00e7ine ile kaplan\u0131r. Re\u00e7ine kuruduktan sonra, duvar karbon fiber g\u00fc\u00e7lendirme i\u015flemi tamamlanm\u0131\u015f olur.<\/p>\n<p>Duvar karbon fiber g\u00fc\u00e7lendirme i\u015flemi, duvarlar\u0131n dayan\u0131kl\u0131l\u0131\u011f\u0131n\u0131 \u00f6nemli \u00f6l\u00e7\u00fcde art\u0131r\u0131r. Bu i\u015flem, \u00f6zellikle deprem riski alt\u0131nda bulunan b\u00f6lgelerde yap\u0131lmaktad\u0131r. Duvar karbon fiber g\u00fc\u00e7lendirme i\u015flemi, duvarlar\u0131n olas\u0131 hasarlar\u0131 \u00f6nlemeye de yard\u0131mc\u0131 olur.<div id='gallery-1' class='gallery galleryid-1835 gallery-columns-2 gallery-size-large'><figure class='gallery-item'>\n\t\t\t<div class='gallery-icon portrait'>\n\t\t\t\t<a href='https:\/\/kolon-guclendirme.com\/balikesir\/wp-content\/uploads\/sites\/19\/2023\/09\/Balikesir-Carbon-elyaf-tavan-kaplama-firmalari-13973.webp'><img loading=\"lazy\" decoding=\"async\" width=\"853\" height=\"1200\" src=\"https:\/\/kolon-guclendirme.com\/balikesir\/wp-content\/uploads\/sites\/19\/2023\/09\/Balikesir-Carbon-elyaf-tavan-kaplama-firmalari-13973.webp\" class=\"attachment-large size-large\" alt=\"\" srcset=\"https:\/\/kolon-guclendirme.com\/balikesir\/wp-content\/uploads\/sites\/19\/2023\/09\/Balikesir-Carbon-elyaf-tavan-kaplama-firmalari-13973.webp 853w, https:\/\/kolon-guclendirme.com\/balikesir\/wp-content\/uploads\/sites\/19\/2023\/09\/Balikesir-Carbon-elyaf-tavan-kaplama-firmalari-13973-768x1080.webp 768w\" sizes=\"(max-width: 853px) 100vw, 853px\" \/><\/a>\n\t\t\t<\/div><\/figure><figure class='gallery-item'>\n\t\t\t<div class='gallery-icon portrait'>\n\t\t\t\t<a href='https:\/\/kolon-guclendirme.com\/balikesir\/wp-content\/uploads\/sites\/19\/2023\/09\/Balikesir-Carbon-lif-duvar-guclendirme-sistemleri-55697.webp'><img loading=\"lazy\" decoding=\"async\" width=\"853\" height=\"1200\" src=\"https:\/\/kolon-guclendirme.com\/balikesir\/wp-content\/uploads\/sites\/19\/2023\/09\/Balikesir-Carbon-lif-duvar-guclendirme-sistemleri-55697.webp\" class=\"attachment-large size-large\" alt=\"\" srcset=\"https:\/\/kolon-guclendirme.com\/balikesir\/wp-content\/uploads\/sites\/19\/2023\/09\/Balikesir-Carbon-lif-duvar-guclendirme-sistemleri-55697.webp 853w, https:\/\/kolon-guclendirme.com\/balikesir\/wp-content\/uploads\/sites\/19\/2023\/09\/Balikesir-Carbon-lif-duvar-guclendirme-sistemleri-55697-768x1080.webp 768w\" sizes=\"(max-width: 853px) 100vw, 853px\" \/><\/a>\n\t\t\t<\/div><\/figure>\n\t\t<\/div>\n<\/p>\n","protected":false},"excerpt":{"rendered":"<p>Edremit, Bal\u0131kesir&#8217;in en g\u00fczel il\u00e7elerinden biridir. \u0130l\u00e7ede, tarihi ve do\u011fal g\u00fczellikler bir arada bulunmaktad\u0131r. Edremit&#8217;te, \u00f6zellikle duvar karbon fiber g\u00fc\u00e7lendirme i\u015flemi olduk\u00e7a yayg\u0131nd\u0131r. Bu i\u015flem, duvarlar\u0131n dayan\u0131kl\u0131l\u0131\u011f\u0131n\u0131 art\u0131rmak ve olas\u0131 &#8230;<\/p>\n","protected":false},"author":1,"featured_media":1618,"comment_status":"closed","ping_status":"open","sticky":false,"template":"","format":"standard","meta":{"footnotes":""},"categories":[187],"tags":[191,43,9,190,27],"_links":{"self":[{"href":"https:\/\/kolon-guclendirme.com\/balikesir\/wp-json\/wp\/v2\/posts\/1835"}],"collection":[{"href":"https:\/\/kolon-guclendirme.com\/balikesir\/wp-json\/wp\/v2\/posts"}],"about":[{"href":"https:\/\/kolon-guclendirme.com\/balikesir\/wp-json\/wp\/v2\/types\/post"}],"author":[{"embeddable":true,"href":"https:\/\/kolon-guclendirme.com\/balikesir\/wp-json\/wp\/v2\/users\/1"}],"replies":[{"embeddable":true,"href":"https:\/\/kolon-guclendirme.com\/balikesir\/wp-json\/wp\/v2\/comments?post=1835"}],"version-history":[{"count":1,"href":"https:\/\/kolon-guclendirme.com\/balikesir\/wp-json\/wp\/v2\/posts\/1835\/revisions"}],"predecessor-version":[{"id":1836,"href":"https:\/\/kolon-guclendirme.com\/balikesir\/wp-json\/wp\/v2\/posts\/1835\/revisions\/1836"}],"wp:featuredmedia":[{"embeddable":true,"href":"https:\/\/kolon-guclendirme.com\/balikesir\/wp-json\/wp\/v2\/media\/1618"}],"wp:attachment":[{"href":"https:\/\/kolon-guclendirme.com\/balikesir\/wp-json\/wp\/v2\/media?parent=1835"}],"wp:term":[{"taxonomy":"category","embeddable":true,"href":"https:\/\/kolon-guclendirme.com\/balikesir\/wp-json\/wp\/v2\/categories?post=1835"},{"taxonomy":"post_tag","embeddable":true,"href":"https:\/\/kolon-guclendirme.com\/balikesir\/wp-json\/wp\/v2\/tags?post=1835"}],"curies":[{"name":"wp","href":"https:\/\/api.w.org\/{rel}","templated":true}]}}