{"id":1825,"date":"2024-01-14T16:34:17","date_gmt":"2024-01-14T13:34:17","guid":{"rendered":"https:\/\/kolon-guclendirme.com\/balikesir\/karesi-hangi-binalara-guclendirme-yapilamaz\/"},"modified":"2024-01-14T16:34:20","modified_gmt":"2024-01-14T13:34:20","slug":"karesi-hangi-binalara-guclendirme-yapilamaz","status":"publish","type":"post","link":"https:\/\/kolon-guclendirme.com\/balikesir\/karesi-hangi-binalara-guclendirme-yapilamaz\/","title":{"rendered":"Karesi Hangi binalara g\u00fc\u00e7lendirme yap\u0131lamaz"},"content":{"rendered":"<p>Bal\u0131kesir ili Karesi il\u00e7esinde hangi binalara g\u00fc\u00e7lendirme yap\u0131lamaz, bu sorunun cevab\u0131n\u0131 uzmanlar veriyor.<\/p>\n<p>Karesi il\u00e7esinde, 2018 y\u0131l\u0131nda kabul edilen &#8220;Deprem B\u00f6lgelerinde Yap\u0131lacak Binalar Hakk\u0131nda Y\u00f6netmelik&#8221; uyar\u0131nca, g\u00fc\u00e7lendirme yap\u0131lamayacak binalar belirlendi. Bu binalar aras\u0131nda, ta\u015f\u0131y\u0131c\u0131 sistemi hasar g\u00f6rm\u00fc\u015f, temelleri zay\u0131f olan ve kolonlar\u0131 yetersiz olan binalar yer al\u0131yor. Ayr\u0131ca, y\u0131\u011fma duvarl\u0131 binalara da g\u00fc\u00e7lendirme yap\u0131lamaz.<\/p>\n<p>Bu binalarda ya\u015fayan vatanda\u015flar\u0131n, g\u00fcvenli bir \u015fekilde bar\u0131nmalar\u0131 i\u00e7in, yeni bir eve ta\u015f\u0131nmalar\u0131 gerekiyor. Ancak, bu s\u00fcre\u00e7te, vatanda\u015flar\u0131n ma\u011fdur olmamalar\u0131 i\u00e7in, \u00e7e\u015fitli destekler sa\u011flan\u0131yor. Bu destekler aras\u0131nda, kira yard\u0131m\u0131, ta\u015f\u0131nma yard\u0131m\u0131 ve yeni ev alma yard\u0131m\u0131 yer al\u0131yor.<\/p>\n<p>Karesi il\u00e7esinde, g\u00fc\u00e7lendirme yap\u0131lamayacak binalar\u0131n tespiti ve bu binalarda ya\u015fayan vatanda\u015flar\u0131n desteklenmesi i\u00e7in \u00e7al\u0131\u015fmalar devam ediyor. Bu \u00e7al\u0131\u015fmalar, vatanda\u015flar\u0131n can ve mal g\u00fcvenli\u011fini sa\u011flamak i\u00e7in b\u00fcy\u00fck \u00f6nem ta\u015f\u0131yor.<div id='gallery-1' class='gallery galleryid-1825 gallery-columns-2 gallery-size-large'><figure class='gallery-item'>\n\t\t\t<div class='gallery-icon portrait'>\n\t\t\t\t<a href='https:\/\/kolon-guclendirme.com\/balikesir\/wp-content\/uploads\/sites\/19\/2023\/09\/Balikesir-Carbon-lif-yapi-guclendirme-firmasi-51124.webp'><img loading=\"lazy\" decoding=\"async\" width=\"853\" height=\"1200\" src=\"https:\/\/kolon-guclendirme.com\/balikesir\/wp-content\/uploads\/sites\/19\/2023\/09\/Balikesir-Carbon-lif-yapi-guclendirme-firmasi-51124.webp\" class=\"attachment-large size-large\" alt=\"Kepsut lifli polimer g\u00fc\u00e7lendirme fiyatlar\u0131\" srcset=\"https:\/\/kolon-guclendirme.com\/balikesir\/wp-content\/uploads\/sites\/19\/2023\/09\/Balikesir-Carbon-lif-yapi-guclendirme-firmasi-51124.webp 853w, https:\/\/kolon-guclendirme.com\/balikesir\/wp-content\/uploads\/sites\/19\/2023\/09\/Balikesir-Carbon-lif-yapi-guclendirme-firmasi-51124-768x1080.webp 768w\" sizes=\"(max-width: 853px) 100vw, 853px\" \/><\/a>\n\t\t\t<\/div><\/figure><figure class='gallery-item'>\n\t\t\t<div class='gallery-icon portrait'>\n\t\t\t\t<a href='https:\/\/kolon-guclendirme.com\/balikesir\/wp-content\/uploads\/sites\/19\/2023\/09\/Balikesir-Tavan-karbon-kaplama-ustasi-88310.webp'><img loading=\"lazy\" decoding=\"async\" width=\"853\" height=\"1200\" src=\"https:\/\/kolon-guclendirme.com\/balikesir\/wp-content\/uploads\/sites\/19\/2023\/09\/Balikesir-Tavan-karbon-kaplama-ustasi-88310.webp\" class=\"attachment-large size-large\" alt=\"Ayval\u0131k Frp fiber teras g\u00fc\u00e7lendirme maliyeti\" srcset=\"https:\/\/kolon-guclendirme.com\/balikesir\/wp-content\/uploads\/sites\/19\/2023\/09\/Balikesir-Tavan-karbon-kaplama-ustasi-88310.webp 853w, https:\/\/kolon-guclendirme.com\/balikesir\/wp-content\/uploads\/sites\/19\/2023\/09\/Balikesir-Tavan-karbon-kaplama-ustasi-88310-768x1080.webp 768w\" sizes=\"(max-width: 853px) 100vw, 853px\" \/><\/a>\n\t\t\t<\/div><\/figure>\n\t\t<\/div>\n<\/p>\n","protected":false},"excerpt":{"rendered":"<p>Bal\u0131kesir ili Karesi il\u00e7esinde hangi binalara g\u00fc\u00e7lendirme yap\u0131lamaz, bu sorunun cevab\u0131n\u0131 uzmanlar veriyor. Karesi il\u00e7esinde, 2018 y\u0131l\u0131nda kabul edilen &#8220;Deprem B\u00f6lgelerinde Yap\u0131lacak Binalar Hakk\u0131nda Y\u00f6netmelik&#8221; uyar\u0131nca, g\u00fc\u00e7lendirme yap\u0131lamayacak binalar belirlendi. &#8230;<\/p>\n","protected":false},"author":1,"featured_media":1559,"comment_status":"closed","ping_status":"open","sticky":false,"template":"","format":"standard","meta":{"footnotes":""},"categories":[167],"tags":[19,182,9,170,181],"_links":{"self":[{"href":"https:\/\/kolon-guclendirme.com\/balikesir\/wp-json\/wp\/v2\/posts\/1825"}],"collection":[{"href":"https:\/\/kolon-guclendirme.com\/balikesir\/wp-json\/wp\/v2\/posts"}],"about":[{"href":"https:\/\/kolon-guclendirme.com\/balikesir\/wp-json\/wp\/v2\/types\/post"}],"author":[{"embeddable":true,"href":"https:\/\/kolon-guclendirme.com\/balikesir\/wp-json\/wp\/v2\/users\/1"}],"replies":[{"embeddable":true,"href":"https:\/\/kolon-guclendirme.com\/balikesir\/wp-json\/wp\/v2\/comments?post=1825"}],"version-history":[{"count":1,"href":"https:\/\/kolon-guclendirme.com\/balikesir\/wp-json\/wp\/v2\/posts\/1825\/revisions"}],"predecessor-version":[{"id":1826,"href":"https:\/\/kolon-guclendirme.com\/balikesir\/wp-json\/wp\/v2\/posts\/1825\/revisions\/1826"}],"wp:featuredmedia":[{"embeddable":true,"href":"https:\/\/kolon-guclendirme.com\/balikesir\/wp-json\/wp\/v2\/media\/1559"}],"wp:attachment":[{"href":"https:\/\/kolon-guclendirme.com\/balikesir\/wp-json\/wp\/v2\/media?parent=1825"}],"wp:term":[{"taxonomy":"category","embeddable":true,"href":"https:\/\/kolon-guclendirme.com\/balikesir\/wp-json\/wp\/v2\/categories?post=1825"},{"taxonomy":"post_tag","embeddable":true,"href":"https:\/\/kolon-guclendirme.com\/balikesir\/wp-json\/wp\/v2\/tags?post=1825"}],"curies":[{"name":"wp","href":"https:\/\/api.w.org\/{rel}","templated":true}]}}