{"id":1824,"date":"2023-11-21T01:10:14","date_gmt":"2023-11-20T22:10:14","guid":{"rendered":"https:\/\/kolon-guclendirme.com\/balikesir\/bigadic-carbon-kece-teras-kaplama-ustasi\/"},"modified":"2023-11-21T01:10:14","modified_gmt":"2023-11-20T22:10:14","slug":"bigadic-carbon-kece-teras-kaplama-ustasi","status":"publish","type":"post","link":"https:\/\/kolon-guclendirme.com\/balikesir\/bigadic-carbon-kece-teras-kaplama-ustasi\/","title":{"rendered":"Bigadi\u00e7 Carbon ke\u00e7e teras kaplama ustas\u0131"},"content":{"rendered":"<h1>Bal\u0131kesir Bigadi\u00e7 Carbon ke\u00e7e teras kaplama ustas\u0131<\/h1>\n<p>Bigadi\u00e7, Bal\u0131kesir&#8217;in sakin ve do\u011fal g\u00fczelliklere sahip bir il\u00e7esidir. Bu huzurlu b\u00f6lgede, \u00e7at\u0131 teraslar\u0131n\u0131z\u0131 \u00f6zel k\u0131lan bir ustaya ihtiya\u00e7 duyabilirsiniz. Carbon ke\u00e7e teras kaplamas\u0131, dayan\u0131kl\u0131l\u0131\u011f\u0131 ve izolasyon \u00f6zellikleriyle \u00f6ne \u00e7\u0131kar.<\/p>\n<p>Bigadi\u00e7&#8217;te bu alanda uzmanla\u015fm\u0131\u015f ustalar, \u00e7at\u0131n\u0131za uzun \u00f6m\u00fcrl\u00fc bir \u00e7\u00f6z\u00fcm sunar. Carbon ke\u00e7e, hafif olmas\u0131n\u0131n yan\u0131 s\u0131ra suya kar\u015f\u0131 diren\u00e7lidir, b\u00f6ylece teras\u0131n\u0131z ya\u011fmurlu g\u00fcnlerde dahi g\u00fcvende kal\u0131r. Bigadi\u00e7&#8217;teki usta, i\u015fini titizlikle yaparak \u00e7at\u0131 teras\u0131n\u0131z\u0131 modern ve estetik bir g\u00f6r\u00fcn\u00fcme kavu\u015fturabilir.<\/p>\n<p>Do\u011fru teras kaplama ustas\u0131 se\u00e7imi, \u00e7at\u0131n\u0131z\u0131n uzun vadeli sa\u011fl\u0131\u011f\u0131 i\u00e7in kritiktir. Bigadi\u00e7&#8217;teki deneyimli ustalar, i\u015flerini zaman\u0131nda ve kaliteli bir \u015fekilde tamamlar. Tesisat\u0131n\u0131z\u0131 karbon ke\u00e7e ile kaplatmak, sadece dayan\u0131kl\u0131l\u0131\u011f\u0131 art\u0131rmakla kalmaz, ayn\u0131 zamanda enerji tasarrufu sa\u011flar.<\/p>\n<p>Bigadi\u00e7&#8217;in do\u011fal g\u00fczellikleriyle \u00e7evrili evinizin \u00e7at\u0131s\u0131n\u0131 g\u00fc\u00e7lendirmek ve estetik bir dokunu\u015f katmak i\u00e7in yerel bir carbon ke\u00e7e teras kaplama ustas\u0131n\u0131 tercih edin.<div id='gallery-1' class='gallery galleryid-1824 gallery-columns-2 gallery-size-large'><figure class='gallery-item'>\n\t\t\t<div class='gallery-icon portrait'>\n\t\t\t\t<a href='https:\/\/kolon-guclendirme.com\/balikesir\/wp-content\/uploads\/sites\/19\/2023\/09\/Balikesir-Zemin-karbon-fiber-kaplama-ustasi-36925.webp'><img loading=\"lazy\" decoding=\"async\" width=\"853\" height=\"1200\" src=\"https:\/\/kolon-guclendirme.com\/balikesir\/wp-content\/uploads\/sites\/19\/2023\/09\/Balikesir-Zemin-karbon-fiber-kaplama-ustasi-36925.webp\" class=\"attachment-large size-large\" alt=\"Bigadi\u00e7 Carbon ke\u00e7e teras kaplama ustas\u0131\" srcset=\"https:\/\/kolon-guclendirme.com\/balikesir\/wp-content\/uploads\/sites\/19\/2023\/09\/Balikesir-Zemin-karbon-fiber-kaplama-ustasi-36925.webp 853w, https:\/\/kolon-guclendirme.com\/balikesir\/wp-content\/uploads\/sites\/19\/2023\/09\/Balikesir-Zemin-karbon-fiber-kaplama-ustasi-36925-768x1080.webp 768w\" sizes=\"(max-width: 853px) 100vw, 853px\" \/><\/a>\n\t\t\t<\/div><\/figure><figure class='gallery-item'>\n\t\t\t<div class='gallery-icon portrait'>\n\t\t\t\t<a href='https:\/\/kolon-guclendirme.com\/balikesir\/wp-content\/uploads\/sites\/19\/2023\/09\/Balikesir-1-katli-bina-guclendirme-firmalari-43470.webp'><img loading=\"lazy\" decoding=\"async\" width=\"853\" height=\"1200\" src=\"https:\/\/kolon-guclendirme.com\/balikesir\/wp-content\/uploads\/sites\/19\/2023\/09\/Balikesir-1-katli-bina-guclendirme-firmalari-43470.webp\" class=\"attachment-large size-large\" alt=\"Bigadi\u00e7 Carbon ke\u00e7e teras kaplama ustas\u0131\" srcset=\"https:\/\/kolon-guclendirme.com\/balikesir\/wp-content\/uploads\/sites\/19\/2023\/09\/Balikesir-1-katli-bina-guclendirme-firmalari-43470.webp 853w, https:\/\/kolon-guclendirme.com\/balikesir\/wp-content\/uploads\/sites\/19\/2023\/09\/Balikesir-1-katli-bina-guclendirme-firmalari-43470-768x1080.webp 768w\" sizes=\"(max-width: 853px) 100vw, 853px\" \/><\/a>\n\t\t\t<\/div><\/figure>\n\t\t<\/div>\n<\/p>\n","protected":false},"excerpt":{"rendered":"<p>Bal\u0131kesir Bigadi\u00e7 Carbon ke\u00e7e teras kaplama ustas\u0131 Bigadi\u00e7, Bal\u0131kesir&#8217;in sakin ve do\u011fal g\u00fczelliklere sahip bir il\u00e7esidir. Bu huzurlu b\u00f6lgede, \u00e7at\u0131 teraslar\u0131n\u0131z\u0131 \u00f6zel k\u0131lan bir ustaya ihtiya\u00e7 duyabilirsiniz. Carbon ke\u00e7e teras &#8230;<\/p>\n","protected":false},"author":0,"featured_media":1504,"comment_status":"","ping_status":"open","sticky":false,"template":"","format":"standard","meta":{"footnotes":""},"categories":[140],"tags":[13,44,28,24,25],"_links":{"self":[{"href":"https:\/\/kolon-guclendirme.com\/balikesir\/wp-json\/wp\/v2\/posts\/1824"}],"collection":[{"href":"https:\/\/kolon-guclendirme.com\/balikesir\/wp-json\/wp\/v2\/posts"}],"about":[{"href":"https:\/\/kolon-guclendirme.com\/balikesir\/wp-json\/wp\/v2\/types\/post"}],"replies":[{"embeddable":true,"href":"https:\/\/kolon-guclendirme.com\/balikesir\/wp-json\/wp\/v2\/comments?post=1824"}],"version-history":[{"count":0,"href":"https:\/\/kolon-guclendirme.com\/balikesir\/wp-json\/wp\/v2\/posts\/1824\/revisions"}],"wp:featuredmedia":[{"embeddable":true,"href":"https:\/\/kolon-guclendirme.com\/balikesir\/wp-json\/wp\/v2\/media\/1504"}],"wp:attachment":[{"href":"https:\/\/kolon-guclendirme.com\/balikesir\/wp-json\/wp\/v2\/media?parent=1824"}],"wp:term":[{"taxonomy":"category","embeddable":true,"href":"https:\/\/kolon-guclendirme.com\/balikesir\/wp-json\/wp\/v2\/categories?post=1824"},{"taxonomy":"post_tag","embeddable":true,"href":"https:\/\/kolon-guclendirme.com\/balikesir\/wp-json\/wp\/v2\/tags?post=1824"}],"curies":[{"name":"wp","href":"https:\/\/api.w.org\/{rel}","templated":true}]}}