{"id":1823,"date":"2023-11-20T01:10:10","date_gmt":"2023-11-19T22:10:10","guid":{"rendered":"https:\/\/kolon-guclendirme.com\/balikesir\/marmara-karbon-fiber-duvar-guclendirme-firmalari\/"},"modified":"2023-11-20T01:10:10","modified_gmt":"2023-11-19T22:10:10","slug":"marmara-karbon-fiber-duvar-guclendirme-firmalari","status":"publish","type":"post","link":"https:\/\/kolon-guclendirme.com\/balikesir\/marmara-karbon-fiber-duvar-guclendirme-firmalari\/","title":{"rendered":"Marmara Karbon fiber duvar g\u00fc\u00e7lendirme firmalar\u0131"},"content":{"rendered":"<h1>Bal\u0131kesir Marmara Karbon fiber duvar g\u00fc\u00e7lendirme firmalar\u0131<\/h1>\n<p>Bal\u0131kesir il\u00e7esi Marmara b\u00f6lgesinde, yap\u0131lar\u0131n dayan\u0131kl\u0131l\u0131\u011f\u0131n\u0131 art\u0131rmak amac\u0131yla karbon fiber duvar g\u00fc\u00e7lendirme y\u00f6ntemine ba\u015fvuran bir\u00e7ok firma bulunmaktad\u0131r. Bu firmalar, modern teknolojiyi kullanarak binalar\u0131 deprem, sel gibi do\u011fal afetlere kar\u015f\u0131 daha diren\u00e7li hale getirme konusunda uzmanla\u015fm\u0131\u015ft\u0131r. G\u00fc\u00e7l\u00fc referanslar\u0131 ve deneyimli ekipleri ile Bal\u0131kesir&#8217;deki karbon fiber duvar g\u00fc\u00e7lendirme ihtiya\u00e7lar\u0131n\u0131 kar\u015f\u0131lamaktad\u0131rlar. Bu firmalar, m\u00fckemmel hizmet ve uygun maliyetle m\u00fc\u015fteri memnuniyetini \u00f6n planda tutmaktad\u0131r. Marmara b\u00f6lgesindeki binalar i\u00e7in uzun \u00f6m\u00fcrl\u00fc \u00e7\u00f6z\u00fcmler sunan bu firmalar, yap\u0131 g\u00fc\u00e7lendirme konusunda g\u00fcvenilir birer tercih olmaktad\u0131r.<div id='gallery-1' class='gallery galleryid-1823 gallery-columns-2 gallery-size-large'><figure class='gallery-item'>\n\t\t\t<div class='gallery-icon portrait'>\n\t\t\t\t<a href='https:\/\/kolon-guclendirme.com\/balikesir\/wp-content\/uploads\/sites\/19\/2023\/09\/Balikesir-karbon-fiber-kiris-guclendirme-20856.webp'><img loading=\"lazy\" decoding=\"async\" width=\"853\" height=\"1200\" src=\"https:\/\/kolon-guclendirme.com\/balikesir\/wp-content\/uploads\/sites\/19\/2023\/09\/Balikesir-karbon-fiber-kiris-guclendirme-20856.webp\" class=\"attachment-large size-large\" alt=\"Marmara Karbon fiber duvar g\u00fc\u00e7lendirme firmalar\u0131\" srcset=\"https:\/\/kolon-guclendirme.com\/balikesir\/wp-content\/uploads\/sites\/19\/2023\/09\/Balikesir-karbon-fiber-kiris-guclendirme-20856.webp 853w, https:\/\/kolon-guclendirme.com\/balikesir\/wp-content\/uploads\/sites\/19\/2023\/09\/Balikesir-karbon-fiber-kiris-guclendirme-20856-768x1080.webp 768w\" sizes=\"(max-width: 853px) 100vw, 853px\" \/><\/a>\n\t\t\t<\/div><\/figure><figure class='gallery-item'>\n\t\t\t<div class='gallery-icon portrait'>\n\t\t\t\t<a href='https:\/\/kolon-guclendirme.com\/balikesir\/wp-content\/uploads\/sites\/19\/2023\/09\/Balikesir-Betonarme-kiris-karbon-guclendirme-bedeli-78007.webp'><img loading=\"lazy\" decoding=\"async\" width=\"853\" height=\"1200\" src=\"https:\/\/kolon-guclendirme.com\/balikesir\/wp-content\/uploads\/sites\/19\/2023\/09\/Balikesir-Betonarme-kiris-karbon-guclendirme-bedeli-78007.webp\" class=\"attachment-large size-large\" alt=\"Marmara Karbon fiber duvar g\u00fc\u00e7lendirme firmalar\u0131\" srcset=\"https:\/\/kolon-guclendirme.com\/balikesir\/wp-content\/uploads\/sites\/19\/2023\/09\/Balikesir-Betonarme-kiris-karbon-guclendirme-bedeli-78007.webp 853w, https:\/\/kolon-guclendirme.com\/balikesir\/wp-content\/uploads\/sites\/19\/2023\/09\/Balikesir-Betonarme-kiris-karbon-guclendirme-bedeli-78007-768x1080.webp 768w\" sizes=\"(max-width: 853px) 100vw, 853px\" \/><\/a>\n\t\t\t<\/div><\/figure>\n\t\t<\/div>\n<\/p>\n","protected":false},"excerpt":{"rendered":"<p>Bal\u0131kesir Marmara Karbon fiber duvar g\u00fc\u00e7lendirme firmalar\u0131 Bal\u0131kesir il\u00e7esi Marmara b\u00f6lgesinde, yap\u0131lar\u0131n dayan\u0131kl\u0131l\u0131\u011f\u0131n\u0131 art\u0131rmak amac\u0131yla karbon fiber duvar g\u00fc\u00e7lendirme y\u00f6ntemine ba\u015fvuran bir\u00e7ok firma bulunmaktad\u0131r. Bu firmalar, modern teknolojiyi kullanarak binalar\u0131 &#8230;<\/p>\n","protected":false},"author":0,"featured_media":1497,"comment_status":"","ping_status":"open","sticky":false,"template":"","format":"standard","meta":{"footnotes":""},"categories":[173],"tags":[92,43,32,9,110],"_links":{"self":[{"href":"https:\/\/kolon-guclendirme.com\/balikesir\/wp-json\/wp\/v2\/posts\/1823"}],"collection":[{"href":"https:\/\/kolon-guclendirme.com\/balikesir\/wp-json\/wp\/v2\/posts"}],"about":[{"href":"https:\/\/kolon-guclendirme.com\/balikesir\/wp-json\/wp\/v2\/types\/post"}],"replies":[{"embeddable":true,"href":"https:\/\/kolon-guclendirme.com\/balikesir\/wp-json\/wp\/v2\/comments?post=1823"}],"version-history":[{"count":0,"href":"https:\/\/kolon-guclendirme.com\/balikesir\/wp-json\/wp\/v2\/posts\/1823\/revisions"}],"wp:featuredmedia":[{"embeddable":true,"href":"https:\/\/kolon-guclendirme.com\/balikesir\/wp-json\/wp\/v2\/media\/1497"}],"wp:attachment":[{"href":"https:\/\/kolon-guclendirme.com\/balikesir\/wp-json\/wp\/v2\/media?parent=1823"}],"wp:term":[{"taxonomy":"category","embeddable":true,"href":"https:\/\/kolon-guclendirme.com\/balikesir\/wp-json\/wp\/v2\/categories?post=1823"},{"taxonomy":"post_tag","embeddable":true,"href":"https:\/\/kolon-guclendirme.com\/balikesir\/wp-json\/wp\/v2\/tags?post=1823"}],"curies":[{"name":"wp","href":"https:\/\/api.w.org\/{rel}","templated":true}]}}