{"id":1822,"date":"2023-11-19T01:10:09","date_gmt":"2023-11-18T22:10:09","guid":{"rendered":"https:\/\/kolon-guclendirme.com\/balikesir\/gomec-kiris-karbon-lif-kaplama-sistemleri\/"},"modified":"2023-11-19T01:10:09","modified_gmt":"2023-11-18T22:10:09","slug":"gomec-kiris-karbon-lif-kaplama-sistemleri","status":"publish","type":"post","link":"https:\/\/kolon-guclendirme.com\/balikesir\/gomec-kiris-karbon-lif-kaplama-sistemleri\/","title":{"rendered":"G\u00f6me\u00e7 Kiri\u015f karbon lif kaplama sistemleri"},"content":{"rendered":"<h1>Bal\u0131kesir G\u00f6me\u00e7 Kiri\u015f karbon lif kaplama sistemleri<\/h1>\n<p>&#8220;G\u00f6me\u00e7, Bal\u0131kesir&#8217;in sakin ve do\u011fal bir il\u00e7esidir. Bu g\u00fczel b\u00f6lgede, modern teknolojinin estetikle bulu\u015ftu\u011fu bir yenilik olan Kiri\u015f Karbon Lif Kaplama Sistemleri, mimariye yeni bir boyut kazand\u0131rmaktad\u0131r. Kiri\u015flerin karbon lif ile kaplanmas\u0131, dayan\u0131kl\u0131l\u0131\u011f\u0131 art\u0131r\u0131rken hafifli\u011fiyle de dikkat \u00e7eker. G\u00f6me\u00e7&#8217;teki yap\u0131lar, bu \u00f6zel kaplama sistemleri sayesinde hem g\u00fcvenli hem de \u015f\u0131k bir g\u00f6r\u00fcn\u00fcme kavu\u015fur. Do\u011fayla uyumlu tasar\u0131mlar, \u00e7evreye duyarl\u0131l\u0131\u011f\u0131 \u00f6n plana \u00e7\u0131kar\u0131r. G\u00f6me\u00e7&#8217;te Kiri\u015f Karbon Lif Kaplama Sistemleri, \u00e7a\u011fda\u015f mimarinin izlerini ta\u015f\u0131yan yap\u0131lar\u0131n vazge\u00e7ilmez bir unsuru haline gelmi\u015ftir.&#8221;<div id='gallery-1' class='gallery galleryid-1822 gallery-columns-2 gallery-size-large'><figure class='gallery-item'>\n\t\t\t<div class='gallery-icon portrait'>\n\t\t\t\t<a href='https:\/\/kolon-guclendirme.com\/balikesir\/wp-content\/uploads\/sites\/19\/2023\/09\/Balikesir-Teras-frp-fiber-kaplama-malzemesi-39696.webp'><img loading=\"lazy\" decoding=\"async\" width=\"853\" height=\"1200\" src=\"https:\/\/kolon-guclendirme.com\/balikesir\/wp-content\/uploads\/sites\/19\/2023\/09\/Balikesir-Teras-frp-fiber-kaplama-malzemesi-39696.webp\" class=\"attachment-large size-large\" alt=\"G\u00f6me\u00e7 Kiri\u015f karbon lif kaplama sistemleri\" srcset=\"https:\/\/kolon-guclendirme.com\/balikesir\/wp-content\/uploads\/sites\/19\/2023\/09\/Balikesir-Teras-frp-fiber-kaplama-malzemesi-39696.webp 853w, https:\/\/kolon-guclendirme.com\/balikesir\/wp-content\/uploads\/sites\/19\/2023\/09\/Balikesir-Teras-frp-fiber-kaplama-malzemesi-39696-768x1080.webp 768w\" sizes=\"(max-width: 853px) 100vw, 853px\" \/><\/a>\n\t\t\t<\/div><\/figure><figure class='gallery-item'>\n\t\t\t<div class='gallery-icon portrait'>\n\t\t\t\t<a href='https:\/\/kolon-guclendirme.com\/balikesir\/wp-content\/uploads\/sites\/19\/2023\/09\/Balikesir-Titresim-kontrolu-60448.webp'><img loading=\"lazy\" decoding=\"async\" width=\"853\" height=\"1200\" src=\"https:\/\/kolon-guclendirme.com\/balikesir\/wp-content\/uploads\/sites\/19\/2023\/09\/Balikesir-Titresim-kontrolu-60448.webp\" class=\"attachment-large size-large\" alt=\"G\u00f6me\u00e7 Kiri\u015f karbon lif kaplama sistemleri\" srcset=\"https:\/\/kolon-guclendirme.com\/balikesir\/wp-content\/uploads\/sites\/19\/2023\/09\/Balikesir-Titresim-kontrolu-60448.webp 853w, https:\/\/kolon-guclendirme.com\/balikesir\/wp-content\/uploads\/sites\/19\/2023\/09\/Balikesir-Titresim-kontrolu-60448-768x1080.webp 768w\" sizes=\"(max-width: 853px) 100vw, 853px\" \/><\/a>\n\t\t\t<\/div><\/figure>\n\t\t<\/div>\n<\/p>\n","protected":false},"excerpt":{"rendered":"<p>Bal\u0131kesir G\u00f6me\u00e7 Kiri\u015f karbon lif kaplama sistemleri &#8220;G\u00f6me\u00e7, Bal\u0131kesir&#8217;in sakin ve do\u011fal bir il\u00e7esidir. Bu g\u00fczel b\u00f6lgede, modern teknolojinin estetikle bulu\u015ftu\u011fu bir yenilik olan Kiri\u015f Karbon Lif Kaplama Sistemleri, mimariye &#8230;<\/p>\n","protected":false},"author":0,"featured_media":1473,"comment_status":"","ping_status":"open","sticky":false,"template":"","format":"standard","meta":{"footnotes":""},"categories":[163],"tags":[108,44,27,21,12],"_links":{"self":[{"href":"https:\/\/kolon-guclendirme.com\/balikesir\/wp-json\/wp\/v2\/posts\/1822"}],"collection":[{"href":"https:\/\/kolon-guclendirme.com\/balikesir\/wp-json\/wp\/v2\/posts"}],"about":[{"href":"https:\/\/kolon-guclendirme.com\/balikesir\/wp-json\/wp\/v2\/types\/post"}],"replies":[{"embeddable":true,"href":"https:\/\/kolon-guclendirme.com\/balikesir\/wp-json\/wp\/v2\/comments?post=1822"}],"version-history":[{"count":0,"href":"https:\/\/kolon-guclendirme.com\/balikesir\/wp-json\/wp\/v2\/posts\/1822\/revisions"}],"wp:featuredmedia":[{"embeddable":true,"href":"https:\/\/kolon-guclendirme.com\/balikesir\/wp-json\/wp\/v2\/media\/1473"}],"wp:attachment":[{"href":"https:\/\/kolon-guclendirme.com\/balikesir\/wp-json\/wp\/v2\/media?parent=1822"}],"wp:term":[{"taxonomy":"category","embeddable":true,"href":"https:\/\/kolon-guclendirme.com\/balikesir\/wp-json\/wp\/v2\/categories?post=1822"},{"taxonomy":"post_tag","embeddable":true,"href":"https:\/\/kolon-guclendirme.com\/balikesir\/wp-json\/wp\/v2\/tags?post=1822"}],"curies":[{"name":"wp","href":"https:\/\/api.w.org\/{rel}","templated":true}]}}