{"id":1821,"date":"2023-11-18T01:10:10","date_gmt":"2023-11-17T22:10:10","guid":{"rendered":"https:\/\/kolon-guclendirme.com\/balikesir\/ayvalik-duvar-karbon-kece-kaplama-ustasi\/"},"modified":"2023-11-18T01:10:10","modified_gmt":"2023-11-17T22:10:10","slug":"ayvalik-duvar-karbon-kece-kaplama-ustasi","status":"publish","type":"post","link":"https:\/\/kolon-guclendirme.com\/balikesir\/ayvalik-duvar-karbon-kece-kaplama-ustasi\/","title":{"rendered":"Ayval\u0131k Duvar karbon ke\u00e7e kaplama ustas\u0131"},"content":{"rendered":"<h1>Bal\u0131kesir Ayval\u0131k Duvar karbon ke\u00e7e kaplama ustas\u0131<\/h1>\n<p>Ayval\u0131k&#8217;\u0131n tarih kokan sokaklar\u0131nda, duvar karbon ke\u00e7e kaplama ustalar\u0131 el i\u015f\u00e7ili\u011fiyle \u00f6ne \u00e7\u0131k\u0131yor. Bal\u0131kesir il\u00e7esi, Ayval\u0131k&#8217;\u0131n do\u011fal g\u00fczellikleriyle bezeli bu \u015firin beldesinde, evlerin duvarlar\u0131na \u00f6zel bir dokunu\u015f katmak i\u00e7in ustalar \u00f6zenle \u00e7al\u0131\u015f\u0131yor. Duvar karbon ke\u00e7e kaplama, hem estetik hem de izolasyon a\u00e7\u0131s\u0131ndan avantaj sa\u011fl\u0131yor. Deneyimli ustalar, ev sahiplerine s\u0131cak bir atmosfer sunarken, ayn\u0131 zamanda enerji tasarrufuna da katk\u0131 sa\u011fl\u0131yor. Ayval\u0131k&#8217;\u0131n bu benzersiz k\u00f6y\u00fcnde, geleneksel zanaatlar g\u00fcn\u00fcm\u00fczde modern konforla bulu\u015fuyor. Ustalar, \u00f6zg\u00fcn tasar\u0131mlar\u0131yla evlere \u00f6zg\u00fcnl\u00fck katarken, kaliteli malzemelerle dayan\u0131kl\u0131l\u0131\u011f\u0131 da \u00f6n planda tutuyor. Duvar karbon ke\u00e7e kaplama ustalar\u0131, Ayval\u0131k&#8217;\u0131n tarihini ve do\u011fas\u0131n\u0131 ya\u015fayan mekanlara ustal\u0131kla yans\u0131tarak, ev sahiplerini memnun ediyor.<div id='gallery-1' class='gallery galleryid-1821 gallery-columns-2 gallery-size-large'><figure class='gallery-item'>\n\t\t\t<div class='gallery-icon portrait'>\n\t\t\t\t<a href='https:\/\/kolon-guclendirme.com\/balikesir\/wp-content\/uploads\/sites\/19\/2023\/09\/Balikesir-Karbon-fiberle-binalar-nasil-guclendirilir-1214.webp'><img loading=\"lazy\" decoding=\"async\" width=\"853\" height=\"1200\" src=\"https:\/\/kolon-guclendirme.com\/balikesir\/wp-content\/uploads\/sites\/19\/2023\/09\/Balikesir-Karbon-fiberle-binalar-nasil-guclendirilir-1214.webp\" class=\"attachment-large size-large\" alt=\"Ayval\u0131k Duvar karbon ke\u00e7e kaplama ustas\u0131\" srcset=\"https:\/\/kolon-guclendirme.com\/balikesir\/wp-content\/uploads\/sites\/19\/2023\/09\/Balikesir-Karbon-fiberle-binalar-nasil-guclendirilir-1214.webp 853w, https:\/\/kolon-guclendirme.com\/balikesir\/wp-content\/uploads\/sites\/19\/2023\/09\/Balikesir-Karbon-fiberle-binalar-nasil-guclendirilir-1214-768x1080.webp 768w\" sizes=\"(max-width: 853px) 100vw, 853px\" \/><\/a>\n\t\t\t<\/div><\/figure><figure class='gallery-item'>\n\t\t\t<div class='gallery-icon portrait'>\n\t\t\t\t<a href='https:\/\/kolon-guclendirme.com\/balikesir\/wp-content\/uploads\/sites\/19\/2023\/09\/Balikesir-Carbon-elyaf-duvar-kaplama-yapanlar-1956.webp'><img loading=\"lazy\" decoding=\"async\" width=\"853\" height=\"1200\" src=\"https:\/\/kolon-guclendirme.com\/balikesir\/wp-content\/uploads\/sites\/19\/2023\/09\/Balikesir-Carbon-elyaf-duvar-kaplama-yapanlar-1956.webp\" class=\"attachment-large size-large\" alt=\"Ayval\u0131k Duvar karbon ke\u00e7e kaplama ustas\u0131\" srcset=\"https:\/\/kolon-guclendirme.com\/balikesir\/wp-content\/uploads\/sites\/19\/2023\/09\/Balikesir-Carbon-elyaf-duvar-kaplama-yapanlar-1956.webp 853w, https:\/\/kolon-guclendirme.com\/balikesir\/wp-content\/uploads\/sites\/19\/2023\/09\/Balikesir-Carbon-elyaf-duvar-kaplama-yapanlar-1956-768x1080.webp 768w\" sizes=\"(max-width: 853px) 100vw, 853px\" \/><\/a>\n\t\t\t<\/div><\/figure>\n\t\t<\/div>\n<\/p>\n","protected":false},"excerpt":{"rendered":"<p>Bal\u0131kesir Ayval\u0131k Duvar karbon ke\u00e7e kaplama ustas\u0131 Ayval\u0131k&#8217;\u0131n tarih kokan sokaklar\u0131nda, duvar karbon ke\u00e7e kaplama ustalar\u0131 el i\u015f\u00e7ili\u011fiyle \u00f6ne \u00e7\u0131k\u0131yor. Bal\u0131kesir il\u00e7esi, Ayval\u0131k&#8217;\u0131n do\u011fal g\u00fczellikleriyle bezeli bu \u015firin beldesinde, evlerin &#8230;<\/p>\n","protected":false},"author":0,"featured_media":1512,"comment_status":"","ping_status":"open","sticky":false,"template":"","format":"standard","meta":{"footnotes":""},"categories":[143],"tags":[180,92,44,27,28],"_links":{"self":[{"href":"https:\/\/kolon-guclendirme.com\/balikesir\/wp-json\/wp\/v2\/posts\/1821"}],"collection":[{"href":"https:\/\/kolon-guclendirme.com\/balikesir\/wp-json\/wp\/v2\/posts"}],"about":[{"href":"https:\/\/kolon-guclendirme.com\/balikesir\/wp-json\/wp\/v2\/types\/post"}],"replies":[{"embeddable":true,"href":"https:\/\/kolon-guclendirme.com\/balikesir\/wp-json\/wp\/v2\/comments?post=1821"}],"version-history":[{"count":0,"href":"https:\/\/kolon-guclendirme.com\/balikesir\/wp-json\/wp\/v2\/posts\/1821\/revisions"}],"wp:featuredmedia":[{"embeddable":true,"href":"https:\/\/kolon-guclendirme.com\/balikesir\/wp-json\/wp\/v2\/media\/1512"}],"wp:attachment":[{"href":"https:\/\/kolon-guclendirme.com\/balikesir\/wp-json\/wp\/v2\/media?parent=1821"}],"wp:term":[{"taxonomy":"category","embeddable":true,"href":"https:\/\/kolon-guclendirme.com\/balikesir\/wp-json\/wp\/v2\/categories?post=1821"},{"taxonomy":"post_tag","embeddable":true,"href":"https:\/\/kolon-guclendirme.com\/balikesir\/wp-json\/wp\/v2\/tags?post=1821"}],"curies":[{"name":"wp","href":"https:\/\/api.w.org\/{rel}","templated":true}]}}