{"id":1819,"date":"2023-11-03T01:10:07","date_gmt":"2023-11-02T22:10:07","guid":{"rendered":"https:\/\/kolon-guclendirme.com\/balikesir\/altieylul-kiris-karbon-kece-kaplama-fiyatlari\/"},"modified":"2023-11-03T01:10:07","modified_gmt":"2023-11-02T22:10:07","slug":"altieylul-kiris-karbon-kece-kaplama-fiyatlari","status":"publish","type":"post","link":"https:\/\/kolon-guclendirme.com\/balikesir\/altieylul-kiris-karbon-kece-kaplama-fiyatlari\/","title":{"rendered":"Alt\u0131eyl\u00fcl Kiri\u015f karbon ke\u00e7e kaplama fiyatlar\u0131"},"content":{"rendered":"<h1>Bal\u0131kesir Alt\u0131eyl\u00fcl Kiri\u015f karbon ke\u00e7e kaplama fiyatlar\u0131<\/h1>\n<p>Bal\u0131kesir il\u00e7esi Alt\u0131eyl\u00fcl&#8217;de Kiri\u015f karbon ke\u00e7e kaplama fiyatlar\u0131 hakk\u0131nda bilgi almak i\u00e7in yerel uzmanlara dan\u0131\u015f\u0131n. Fiyatlar projeye ve malzeme kalitesine g\u00f6re de\u011fi\u015febilir.<div id='gallery-1' class='gallery galleryid-1819 gallery-columns-2 gallery-size-large'><figure class='gallery-item'>\n\t\t\t<div class='gallery-icon portrait'>\n\t\t\t\t<a href='https:\/\/kolon-guclendirme.com\/balikesir\/wp-content\/uploads\/sites\/19\/2023\/09\/Balikesir-Bina-guclendirme-firmalari-izmir-81722.webp'><img loading=\"lazy\" decoding=\"async\" width=\"853\" height=\"1200\" src=\"https:\/\/kolon-guclendirme.com\/balikesir\/wp-content\/uploads\/sites\/19\/2023\/09\/Balikesir-Bina-guclendirme-firmalari-izmir-81722.webp\" class=\"attachment-large size-large\" alt=\"Alt\u0131eyl\u00fcl Kiri\u015f karbon ke\u00e7e kaplama fiyatlar\u0131\" srcset=\"https:\/\/kolon-guclendirme.com\/balikesir\/wp-content\/uploads\/sites\/19\/2023\/09\/Balikesir-Bina-guclendirme-firmalari-izmir-81722.webp 853w, https:\/\/kolon-guclendirme.com\/balikesir\/wp-content\/uploads\/sites\/19\/2023\/09\/Balikesir-Bina-guclendirme-firmalari-izmir-81722-768x1080.webp 768w\" sizes=\"(max-width: 853px) 100vw, 853px\" \/><\/a>\n\t\t\t<\/div><\/figure><figure class='gallery-item'>\n\t\t\t<div class='gallery-icon portrait'>\n\t\t\t\t<a href='https:\/\/kolon-guclendirme.com\/balikesir\/wp-content\/uploads\/sites\/19\/2023\/09\/Balikesir-Kolon-karbon-elyaf-kaplama-firmalari-60776.webp'><img loading=\"lazy\" decoding=\"async\" width=\"853\" height=\"1200\" src=\"https:\/\/kolon-guclendirme.com\/balikesir\/wp-content\/uploads\/sites\/19\/2023\/09\/Balikesir-Kolon-karbon-elyaf-kaplama-firmalari-60776.webp\" class=\"attachment-large size-large\" alt=\"Alt\u0131eyl\u00fcl Kiri\u015f karbon ke\u00e7e kaplama fiyatlar\u0131\" srcset=\"https:\/\/kolon-guclendirme.com\/balikesir\/wp-content\/uploads\/sites\/19\/2023\/09\/Balikesir-Kolon-karbon-elyaf-kaplama-firmalari-60776.webp 853w, https:\/\/kolon-guclendirme.com\/balikesir\/wp-content\/uploads\/sites\/19\/2023\/09\/Balikesir-Kolon-karbon-elyaf-kaplama-firmalari-60776-768x1080.webp 768w\" sizes=\"(max-width: 853px) 100vw, 853px\" \/><\/a>\n\t\t\t<\/div><\/figure>\n\t\t<\/div>\n<\/p>\n","protected":false},"excerpt":{"rendered":"<p>Bal\u0131kesir Alt\u0131eyl\u00fcl Kiri\u015f karbon ke\u00e7e kaplama fiyatlar\u0131 Bal\u0131kesir il\u00e7esi Alt\u0131eyl\u00fcl&#8217;de Kiri\u015f karbon ke\u00e7e kaplama fiyatlar\u0131 hakk\u0131nda bilgi almak i\u00e7in yerel uzmanlara dan\u0131\u015f\u0131n. Fiyatlar projeye ve malzeme kalitesine g\u00f6re de\u011fi\u015febilir.<\/p>\n","protected":false},"author":0,"featured_media":1585,"comment_status":"","ping_status":"open","sticky":false,"template":"","format":"standard","meta":{"footnotes":""},"categories":[164],"tags":[48,44,27,28,21],"_links":{"self":[{"href":"https:\/\/kolon-guclendirme.com\/balikesir\/wp-json\/wp\/v2\/posts\/1819"}],"collection":[{"href":"https:\/\/kolon-guclendirme.com\/balikesir\/wp-json\/wp\/v2\/posts"}],"about":[{"href":"https:\/\/kolon-guclendirme.com\/balikesir\/wp-json\/wp\/v2\/types\/post"}],"replies":[{"embeddable":true,"href":"https:\/\/kolon-guclendirme.com\/balikesir\/wp-json\/wp\/v2\/comments?post=1819"}],"version-history":[{"count":0,"href":"https:\/\/kolon-guclendirme.com\/balikesir\/wp-json\/wp\/v2\/posts\/1819\/revisions"}],"wp:featuredmedia":[{"embeddable":true,"href":"https:\/\/kolon-guclendirme.com\/balikesir\/wp-json\/wp\/v2\/media\/1585"}],"wp:attachment":[{"href":"https:\/\/kolon-guclendirme.com\/balikesir\/wp-json\/wp\/v2\/media?parent=1819"}],"wp:term":[{"taxonomy":"category","embeddable":true,"href":"https:\/\/kolon-guclendirme.com\/balikesir\/wp-json\/wp\/v2\/categories?post=1819"},{"taxonomy":"post_tag","embeddable":true,"href":"https:\/\/kolon-guclendirme.com\/balikesir\/wp-json\/wp\/v2\/tags?post=1819"}],"curies":[{"name":"wp","href":"https:\/\/api.w.org\/{rel}","templated":true}]}}