{"id":1818,"date":"2023-11-02T01:10:06","date_gmt":"2023-11-01T22:10:06","guid":{"rendered":"https:\/\/kolon-guclendirme.com\/balikesir\/erdek-teras-frp-elyaf-kaplama-firmalari\/"},"modified":"2023-11-02T01:10:06","modified_gmt":"2023-11-01T22:10:06","slug":"erdek-teras-frp-elyaf-kaplama-firmalari","status":"publish","type":"post","link":"https:\/\/kolon-guclendirme.com\/balikesir\/erdek-teras-frp-elyaf-kaplama-firmalari\/","title":{"rendered":"Erdek Teras frp elyaf kaplama firmalar\u0131"},"content":{"rendered":"<h1>Bal\u0131kesir Erdek Teras frp elyaf kaplama firmalar\u0131<\/h1>\n<p>Erdek&#8217;te teraslar\u0131n\u0131z\u0131 g\u00fczelle\u015ftirmek istiyorsan\u0131z, yerel frp elyaf kaplama firmalar\u0131 size yard\u0131mc\u0131 olabilir. Detaylar blogumuzda!<div id='gallery-1' class='gallery galleryid-1818 gallery-columns-2 gallery-size-large'><figure class='gallery-item'>\n\t\t\t<div class='gallery-icon portrait'>\n\t\t\t\t<a href='https:\/\/kolon-guclendirme.com\/balikesir\/wp-content\/uploads\/sites\/19\/2023\/09\/Balikesir-Teras-frp-elyaf-guclendirme-firmalari-13566.webp'><img loading=\"lazy\" decoding=\"async\" width=\"853\" height=\"1200\" src=\"https:\/\/kolon-guclendirme.com\/balikesir\/wp-content\/uploads\/sites\/19\/2023\/09\/Balikesir-Teras-frp-elyaf-guclendirme-firmalari-13566.webp\" class=\"attachment-large size-large\" alt=\"Erdek Teras frp elyaf kaplama firmalar\u0131\" srcset=\"https:\/\/kolon-guclendirme.com\/balikesir\/wp-content\/uploads\/sites\/19\/2023\/09\/Balikesir-Teras-frp-elyaf-guclendirme-firmalari-13566.webp 853w, https:\/\/kolon-guclendirme.com\/balikesir\/wp-content\/uploads\/sites\/19\/2023\/09\/Balikesir-Teras-frp-elyaf-guclendirme-firmalari-13566-768x1080.webp 768w\" sizes=\"(max-width: 853px) 100vw, 853px\" \/><\/a>\n\t\t\t<\/div><\/figure><figure class='gallery-item'>\n\t\t\t<div class='gallery-icon portrait'>\n\t\t\t\t<a href='https:\/\/kolon-guclendirme.com\/balikesir\/wp-content\/uploads\/sites\/19\/2023\/09\/Balikesir-Tavan-karbon-lif-guclendirme-ustasi-26856.webp'><img loading=\"lazy\" decoding=\"async\" width=\"853\" height=\"1200\" src=\"https:\/\/kolon-guclendirme.com\/balikesir\/wp-content\/uploads\/sites\/19\/2023\/09\/Balikesir-Tavan-karbon-lif-guclendirme-ustasi-26856.webp\" class=\"attachment-large size-large\" alt=\"Erdek Teras frp elyaf kaplama firmalar\u0131\" srcset=\"https:\/\/kolon-guclendirme.com\/balikesir\/wp-content\/uploads\/sites\/19\/2023\/09\/Balikesir-Tavan-karbon-lif-guclendirme-ustasi-26856.webp 853w, https:\/\/kolon-guclendirme.com\/balikesir\/wp-content\/uploads\/sites\/19\/2023\/09\/Balikesir-Tavan-karbon-lif-guclendirme-ustasi-26856-768x1080.webp 768w\" sizes=\"(max-width: 853px) 100vw, 853px\" \/><\/a>\n\t\t\t<\/div><\/figure>\n\t\t<\/div>\n<\/p>\n","protected":false},"excerpt":{"rendered":"<p>Bal\u0131kesir Erdek Teras frp elyaf kaplama firmalar\u0131 Erdek&#8217;te teraslar\u0131n\u0131z\u0131 g\u00fczelle\u015ftirmek istiyorsan\u0131z, yerel frp elyaf kaplama firmalar\u0131 size yard\u0131mc\u0131 olabilir. Detaylar blogumuzda!<\/p>\n","protected":false},"author":0,"featured_media":0,"comment_status":"","ping_status":"open","sticky":false,"template":"","format":"standard","meta":{"footnotes":""},"categories":[147],"tags":[10,148,15,44,24],"_links":{"self":[{"href":"https:\/\/kolon-guclendirme.com\/balikesir\/wp-json\/wp\/v2\/posts\/1818"}],"collection":[{"href":"https:\/\/kolon-guclendirme.com\/balikesir\/wp-json\/wp\/v2\/posts"}],"about":[{"href":"https:\/\/kolon-guclendirme.com\/balikesir\/wp-json\/wp\/v2\/types\/post"}],"replies":[{"embeddable":true,"href":"https:\/\/kolon-guclendirme.com\/balikesir\/wp-json\/wp\/v2\/comments?post=1818"}],"version-history":[{"count":0,"href":"https:\/\/kolon-guclendirme.com\/balikesir\/wp-json\/wp\/v2\/posts\/1818\/revisions"}],"wp:attachment":[{"href":"https:\/\/kolon-guclendirme.com\/balikesir\/wp-json\/wp\/v2\/media?parent=1818"}],"wp:term":[{"taxonomy":"category","embeddable":true,"href":"https:\/\/kolon-guclendirme.com\/balikesir\/wp-json\/wp\/v2\/categories?post=1818"},{"taxonomy":"post_tag","embeddable":true,"href":"https:\/\/kolon-guclendirme.com\/balikesir\/wp-json\/wp\/v2\/tags?post=1818"}],"curies":[{"name":"wp","href":"https:\/\/api.w.org\/{rel}","templated":true}]}}