{"id":1813,"date":"2023-10-27T01:10:05","date_gmt":"2023-10-26T22:10:05","guid":{"rendered":"https:\/\/kolon-guclendirme.com\/balikesir\/ayvalik-frp-fiber-teras-guclendirme-maliyeti\/"},"modified":"2023-10-27T01:10:05","modified_gmt":"2023-10-26T22:10:05","slug":"ayvalik-frp-fiber-teras-guclendirme-maliyeti","status":"publish","type":"post","link":"https:\/\/kolon-guclendirme.com\/balikesir\/ayvalik-frp-fiber-teras-guclendirme-maliyeti\/","title":{"rendered":"Ayval\u0131k Frp fiber teras g\u00fc\u00e7lendirme maliyeti"},"content":{"rendered":"<h1>Bal\u0131kesir Ayval\u0131k Frp fiber teras g\u00fc\u00e7lendirme maliyeti<\/h1>\n<p>Bal\u0131kesir il\u00e7esi Ayval\u0131k&#8217;ta FRP fiber teras g\u00fc\u00e7lendirme maliyetleri hakk\u0131nda bilgi i\u00e7in daha fazla detayl\u0131 bir kayna\u011fa ihtiya\u00e7 vard\u0131r. Detayl\u0131 bir blog yaz\u0131s\u0131 i\u00e7in gereken karakter s\u0131n\u0131r\u0131n\u0131 a\u015fmak gerekir.<div id='gallery-1' class='gallery galleryid-1813 gallery-columns-2 gallery-size-large'><figure class='gallery-item'>\n\t\t\t<div class='gallery-icon portrait'>\n\t\t\t\t<a href='https:\/\/kolon-guclendirme.com\/balikesir\/wp-content\/uploads\/sites\/19\/2023\/09\/Balikesir-Yapi-karbon-elyaf-guclendirme-ustasi-97371.webp'><img loading=\"lazy\" decoding=\"async\" width=\"853\" height=\"1200\" src=\"https:\/\/kolon-guclendirme.com\/balikesir\/wp-content\/uploads\/sites\/19\/2023\/09\/Balikesir-Yapi-karbon-elyaf-guclendirme-ustasi-97371.webp\" class=\"attachment-large size-large\" alt=\"Ayval\u0131k Frp fiber teras g\u00fc\u00e7lendirme maliyeti\" srcset=\"https:\/\/kolon-guclendirme.com\/balikesir\/wp-content\/uploads\/sites\/19\/2023\/09\/Balikesir-Yapi-karbon-elyaf-guclendirme-ustasi-97371.webp 853w, https:\/\/kolon-guclendirme.com\/balikesir\/wp-content\/uploads\/sites\/19\/2023\/09\/Balikesir-Yapi-karbon-elyaf-guclendirme-ustasi-97371-768x1080.webp 768w\" sizes=\"(max-width: 853px) 100vw, 853px\" \/><\/a>\n\t\t\t<\/div><\/figure><figure class='gallery-item'>\n\t\t\t<div class='gallery-icon portrait'>\n\t\t\t\t<a href='https:\/\/kolon-guclendirme.com\/balikesir\/wp-content\/uploads\/sites\/19\/2023\/09\/Balikesir-Tavan-karbon-kaplama-ustasi-88310.webp'><img loading=\"lazy\" decoding=\"async\" width=\"853\" height=\"1200\" src=\"https:\/\/kolon-guclendirme.com\/balikesir\/wp-content\/uploads\/sites\/19\/2023\/09\/Balikesir-Tavan-karbon-kaplama-ustasi-88310.webp\" class=\"attachment-large size-large\" alt=\"Ayval\u0131k Frp fiber teras g\u00fc\u00e7lendirme maliyeti\" srcset=\"https:\/\/kolon-guclendirme.com\/balikesir\/wp-content\/uploads\/sites\/19\/2023\/09\/Balikesir-Tavan-karbon-kaplama-ustasi-88310.webp 853w, https:\/\/kolon-guclendirme.com\/balikesir\/wp-content\/uploads\/sites\/19\/2023\/09\/Balikesir-Tavan-karbon-kaplama-ustasi-88310-768x1080.webp 768w\" sizes=\"(max-width: 853px) 100vw, 853px\" \/><\/a>\n\t\t\t<\/div><\/figure>\n\t\t<\/div>\n<\/p>\n","protected":false},"excerpt":{"rendered":"<p>Bal\u0131kesir Ayval\u0131k Frp fiber teras g\u00fc\u00e7lendirme maliyeti Bal\u0131kesir il\u00e7esi Ayval\u0131k&#8217;ta FRP fiber teras g\u00fc\u00e7lendirme maliyetleri hakk\u0131nda bilgi i\u00e7in daha fazla detayl\u0131 bir kayna\u011fa ihtiya\u00e7 vard\u0131r. Detayl\u0131 bir blog yaz\u0131s\u0131 i\u00e7in &#8230;<\/p>\n","protected":false},"author":0,"featured_media":1663,"comment_status":"","ping_status":"open","sticky":false,"template":"","format":"standard","meta":{"footnotes":""},"categories":[143],"tags":[116,43,9,30,24],"_links":{"self":[{"href":"https:\/\/kolon-guclendirme.com\/balikesir\/wp-json\/wp\/v2\/posts\/1813"}],"collection":[{"href":"https:\/\/kolon-guclendirme.com\/balikesir\/wp-json\/wp\/v2\/posts"}],"about":[{"href":"https:\/\/kolon-guclendirme.com\/balikesir\/wp-json\/wp\/v2\/types\/post"}],"replies":[{"embeddable":true,"href":"https:\/\/kolon-guclendirme.com\/balikesir\/wp-json\/wp\/v2\/comments?post=1813"}],"version-history":[{"count":0,"href":"https:\/\/kolon-guclendirme.com\/balikesir\/wp-json\/wp\/v2\/posts\/1813\/revisions"}],"wp:featuredmedia":[{"embeddable":true,"href":"https:\/\/kolon-guclendirme.com\/balikesir\/wp-json\/wp\/v2\/media\/1663"}],"wp:attachment":[{"href":"https:\/\/kolon-guclendirme.com\/balikesir\/wp-json\/wp\/v2\/media?parent=1813"}],"wp:term":[{"taxonomy":"category","embeddable":true,"href":"https:\/\/kolon-guclendirme.com\/balikesir\/wp-json\/wp\/v2\/categories?post=1813"},{"taxonomy":"post_tag","embeddable":true,"href":"https:\/\/kolon-guclendirme.com\/balikesir\/wp-json\/wp\/v2\/tags?post=1813"}],"curies":[{"name":"wp","href":"https:\/\/api.w.org\/{rel}","templated":true}]}}