{"id":1805,"date":"2023-10-14T01:10:05","date_gmt":"2023-10-13T22:10:05","guid":{"rendered":"https:\/\/kolon-guclendirme.com\/balikesir\/balya-kiris-frp-elyaf-kaplama-firmasi\/"},"modified":"2023-10-14T01:10:05","modified_gmt":"2023-10-13T22:10:05","slug":"balya-kiris-frp-elyaf-kaplama-firmasi","status":"publish","type":"post","link":"https:\/\/kolon-guclendirme.com\/balikesir\/balya-kiris-frp-elyaf-kaplama-firmasi\/","title":{"rendered":"Balya Kiri\u015f frp elyaf kaplama firmas\u0131"},"content":{"rendered":"<h1>Bal\u0131kesir Balya Kiri\u015f frp elyaf kaplama firmas\u0131<\/h1>\n<p>Bal\u0131kesir&#8217;in Balya il\u00e7esindeki Kiri\u015f FRP elyaf kaplama firmas\u0131, dayan\u0131kl\u0131 ve \u00e7evre dostu \u00fcr\u00fcnler sunuyor. Detaylar i\u00e7in blog yaz\u0131m\u0131z\u0131 okuyun!<div id='gallery-1' class='gallery galleryid-1805 gallery-columns-2 gallery-size-large'><figure class='gallery-item'>\n\t\t\t<div class='gallery-icon portrait'>\n\t\t\t\t<a href='https:\/\/kolon-guclendirme.com\/balikesir\/wp-content\/uploads\/sites\/19\/2023\/09\/Balikesir-Teras-frp-fiber-kaplama-malzemesi-39696.webp'><img loading=\"lazy\" decoding=\"async\" width=\"853\" height=\"1200\" src=\"https:\/\/kolon-guclendirme.com\/balikesir\/wp-content\/uploads\/sites\/19\/2023\/09\/Balikesir-Teras-frp-fiber-kaplama-malzemesi-39696.webp\" class=\"attachment-large size-large\" alt=\"G\u00f6me\u00e7 Kiri\u015f karbon lif kaplama sistemleri\" srcset=\"https:\/\/kolon-guclendirme.com\/balikesir\/wp-content\/uploads\/sites\/19\/2023\/09\/Balikesir-Teras-frp-fiber-kaplama-malzemesi-39696.webp 853w, https:\/\/kolon-guclendirme.com\/balikesir\/wp-content\/uploads\/sites\/19\/2023\/09\/Balikesir-Teras-frp-fiber-kaplama-malzemesi-39696-768x1080.webp 768w\" sizes=\"(max-width: 853px) 100vw, 853px\" \/><\/a>\n\t\t\t<\/div><\/figure><figure class='gallery-item'>\n\t\t\t<div class='gallery-icon portrait'>\n\t\t\t\t<a href='https:\/\/kolon-guclendirme.com\/balikesir\/wp-content\/uploads\/sites\/19\/2023\/09\/Balikesir-Karbon-fiber-epoksi-kaplama-sistemleri-71393.webp'><img loading=\"lazy\" decoding=\"async\" width=\"853\" height=\"1200\" src=\"https:\/\/kolon-guclendirme.com\/balikesir\/wp-content\/uploads\/sites\/19\/2023\/09\/Balikesir-Karbon-fiber-epoksi-kaplama-sistemleri-71393.webp\" class=\"attachment-large size-large\" alt=\"Balya Kiri\u015f frp elyaf kaplama firmas\u0131\" srcset=\"https:\/\/kolon-guclendirme.com\/balikesir\/wp-content\/uploads\/sites\/19\/2023\/09\/Balikesir-Karbon-fiber-epoksi-kaplama-sistemleri-71393.webp 853w, https:\/\/kolon-guclendirme.com\/balikesir\/wp-content\/uploads\/sites\/19\/2023\/09\/Balikesir-Karbon-fiber-epoksi-kaplama-sistemleri-71393-768x1080.webp 768w\" sizes=\"(max-width: 853px) 100vw, 853px\" \/><\/a>\n\t\t\t<\/div><\/figure>\n\t\t<\/div>\n<\/p>\n","protected":false},"excerpt":{"rendered":"<p>Bal\u0131kesir Balya Kiri\u015f frp elyaf kaplama firmas\u0131 Bal\u0131kesir&#8217;in Balya il\u00e7esindeki Kiri\u015f FRP elyaf kaplama firmas\u0131, dayan\u0131kl\u0131 ve \u00e7evre dostu \u00fcr\u00fcnler sunuyor. Detaylar i\u00e7in blog yaz\u0131m\u0131z\u0131 okuyun!<\/p>\n","protected":false},"author":0,"featured_media":1556,"comment_status":"","ping_status":"open","sticky":false,"template":"","format":"standard","meta":{"footnotes":""},"categories":[156],"tags":[99,10,112,44,21],"_links":{"self":[{"href":"https:\/\/kolon-guclendirme.com\/balikesir\/wp-json\/wp\/v2\/posts\/1805"}],"collection":[{"href":"https:\/\/kolon-guclendirme.com\/balikesir\/wp-json\/wp\/v2\/posts"}],"about":[{"href":"https:\/\/kolon-guclendirme.com\/balikesir\/wp-json\/wp\/v2\/types\/post"}],"replies":[{"embeddable":true,"href":"https:\/\/kolon-guclendirme.com\/balikesir\/wp-json\/wp\/v2\/comments?post=1805"}],"version-history":[{"count":0,"href":"https:\/\/kolon-guclendirme.com\/balikesir\/wp-json\/wp\/v2\/posts\/1805\/revisions"}],"wp:featuredmedia":[{"embeddable":true,"href":"https:\/\/kolon-guclendirme.com\/balikesir\/wp-json\/wp\/v2\/media\/1556"}],"wp:attachment":[{"href":"https:\/\/kolon-guclendirme.com\/balikesir\/wp-json\/wp\/v2\/media?parent=1805"}],"wp:term":[{"taxonomy":"category","embeddable":true,"href":"https:\/\/kolon-guclendirme.com\/balikesir\/wp-json\/wp\/v2\/categories?post=1805"},{"taxonomy":"post_tag","embeddable":true,"href":"https:\/\/kolon-guclendirme.com\/balikesir\/wp-json\/wp\/v2\/tags?post=1805"}],"curies":[{"name":"wp","href":"https:\/\/api.w.org\/{rel}","templated":true}]}}