{"id":1796,"date":"2023-10-07T01:10:05","date_gmt":"2023-10-06T22:10:05","guid":{"rendered":"https:\/\/kolon-guclendirme.com\/balikesir\/ayvalik-tavan-frp-elyaf-kaplama-ustasi\/"},"modified":"2023-10-07T01:10:05","modified_gmt":"2023-10-06T22:10:05","slug":"ayvalik-tavan-frp-elyaf-kaplama-ustasi","status":"publish","type":"post","link":"https:\/\/kolon-guclendirme.com\/balikesir\/ayvalik-tavan-frp-elyaf-kaplama-ustasi\/","title":{"rendered":"Ayval\u0131k Tavan frp elyaf kaplama ustas\u0131"},"content":{"rendered":"<h1>Bal\u0131kesir Ayval\u0131k Tavan frp elyaf kaplama ustas\u0131<\/h1>\n<p>Ayval\u0131k&#8217;ta Tavan FRP elyaf kaplama ustas\u0131 arayanlar i\u00e7in rehber bir yaz\u0131! Ustalar\u0131 kar\u015f\u0131la\u015ft\u0131rarak do\u011fru se\u00e7imi yap\u0131n.<div id='gallery-1' class='gallery galleryid-1796 gallery-columns-2 gallery-size-large'><figure class='gallery-item'>\n\t\t\t<div class='gallery-icon portrait'>\n\t\t\t\t<a href='https:\/\/kolon-guclendirme.com\/balikesir\/wp-content\/uploads\/sites\/19\/2023\/09\/Balikesir-Duvar-carbon-elyaf-guclendirme-36721.webp'><img loading=\"lazy\" decoding=\"async\" width=\"853\" height=\"1200\" src=\"https:\/\/kolon-guclendirme.com\/balikesir\/wp-content\/uploads\/sites\/19\/2023\/09\/Balikesir-Duvar-carbon-elyaf-guclendirme-36721.webp\" class=\"attachment-large size-large\" alt=\"Ayval\u0131k Tavan frp elyaf kaplama ustas\u0131\" srcset=\"https:\/\/kolon-guclendirme.com\/balikesir\/wp-content\/uploads\/sites\/19\/2023\/09\/Balikesir-Duvar-carbon-elyaf-guclendirme-36721.webp 853w, https:\/\/kolon-guclendirme.com\/balikesir\/wp-content\/uploads\/sites\/19\/2023\/09\/Balikesir-Duvar-carbon-elyaf-guclendirme-36721-768x1080.webp 768w\" sizes=\"(max-width: 853px) 100vw, 853px\" \/><\/a>\n\t\t\t<\/div><\/figure><figure class='gallery-item'>\n\t\t\t<div class='gallery-icon portrait'>\n\t\t\t\t<a href='https:\/\/kolon-guclendirme.com\/balikesir\/wp-content\/uploads\/sites\/19\/2023\/09\/Balikesir-Yapi-karbon-elyaf-guclendirme-ustasi-97371.webp'><img loading=\"lazy\" decoding=\"async\" width=\"853\" height=\"1200\" src=\"https:\/\/kolon-guclendirme.com\/balikesir\/wp-content\/uploads\/sites\/19\/2023\/09\/Balikesir-Yapi-karbon-elyaf-guclendirme-ustasi-97371.webp\" class=\"attachment-large size-large\" alt=\"Ayval\u0131k Frp fiber teras g\u00fc\u00e7lendirme maliyeti\" srcset=\"https:\/\/kolon-guclendirme.com\/balikesir\/wp-content\/uploads\/sites\/19\/2023\/09\/Balikesir-Yapi-karbon-elyaf-guclendirme-ustasi-97371.webp 853w, https:\/\/kolon-guclendirme.com\/balikesir\/wp-content\/uploads\/sites\/19\/2023\/09\/Balikesir-Yapi-karbon-elyaf-guclendirme-ustasi-97371-768x1080.webp 768w\" sizes=\"(max-width: 853px) 100vw, 853px\" \/><\/a>\n\t\t\t<\/div><\/figure>\n\t\t<\/div>\n<\/p>\n","protected":false},"excerpt":{"rendered":"<p>Bal\u0131kesir Ayval\u0131k Tavan frp elyaf kaplama ustas\u0131 Ayval\u0131k&#8217;ta Tavan FRP elyaf kaplama ustas\u0131 arayanlar i\u00e7in rehber bir yaz\u0131! Ustalar\u0131 kar\u015f\u0131la\u015ft\u0131rarak do\u011fru se\u00e7imi yap\u0131n.<\/p>\n","protected":false},"author":0,"featured_media":1552,"comment_status":"","ping_status":"open","sticky":false,"template":"","format":"standard","meta":{"footnotes":""},"categories":[143],"tags":[116,10,44,41,25],"_links":{"self":[{"href":"https:\/\/kolon-guclendirme.com\/balikesir\/wp-json\/wp\/v2\/posts\/1796"}],"collection":[{"href":"https:\/\/kolon-guclendirme.com\/balikesir\/wp-json\/wp\/v2\/posts"}],"about":[{"href":"https:\/\/kolon-guclendirme.com\/balikesir\/wp-json\/wp\/v2\/types\/post"}],"replies":[{"embeddable":true,"href":"https:\/\/kolon-guclendirme.com\/balikesir\/wp-json\/wp\/v2\/comments?post=1796"}],"version-history":[{"count":0,"href":"https:\/\/kolon-guclendirme.com\/balikesir\/wp-json\/wp\/v2\/posts\/1796\/revisions"}],"wp:featuredmedia":[{"embeddable":true,"href":"https:\/\/kolon-guclendirme.com\/balikesir\/wp-json\/wp\/v2\/media\/1552"}],"wp:attachment":[{"href":"https:\/\/kolon-guclendirme.com\/balikesir\/wp-json\/wp\/v2\/media?parent=1796"}],"wp:term":[{"taxonomy":"category","embeddable":true,"href":"https:\/\/kolon-guclendirme.com\/balikesir\/wp-json\/wp\/v2\/categories?post=1796"},{"taxonomy":"post_tag","embeddable":true,"href":"https:\/\/kolon-guclendirme.com\/balikesir\/wp-json\/wp\/v2\/tags?post=1796"}],"curies":[{"name":"wp","href":"https:\/\/api.w.org\/{rel}","templated":true}]}}