{"id":1792,"date":"2023-10-05T01:10:05","date_gmt":"2023-10-04T22:10:05","guid":{"rendered":"https:\/\/kolon-guclendirme.com\/balikesir\/ayvalik-karbon-fiber-ile-guclendirme-isleri\/"},"modified":"2023-10-05T01:10:05","modified_gmt":"2023-10-04T22:10:05","slug":"ayvalik-karbon-fiber-ile-guclendirme-isleri","status":"publish","type":"post","link":"https:\/\/kolon-guclendirme.com\/balikesir\/ayvalik-karbon-fiber-ile-guclendirme-isleri\/","title":{"rendered":"Ayval\u0131k karbon fiber ile g\u00fc\u00e7lendirme i\u015fleri"},"content":{"rendered":"<h1>Bal\u0131kesir Ayval\u0131k karbon fiber ile g\u00fc\u00e7lendirme i\u015fleri<\/h1>\n<p>Ayval\u0131k&#8217;ta yap\u0131lan karbon fiber ile g\u00fc\u00e7lendirme i\u015fleri, binalar\u0131n dayan\u0131kl\u0131l\u0131\u011f\u0131n\u0131 art\u0131rarak depreme kar\u015f\u0131 g\u00fcvenli\u011fi sa\u011flar. Bu inovasyon, Bal\u0131kesir il\u00e7esinde yap\u0131 sekt\u00f6r\u00fcnde \u00f6nemli bir ad\u0131m\u0131 temsil ediyor.<div id='gallery-1' class='gallery galleryid-1792 gallery-columns-2 gallery-size-large'><figure class='gallery-item'>\n\t\t\t<div class='gallery-icon portrait'>\n\t\t\t\t<a href='https:\/\/kolon-guclendirme.com\/balikesir\/wp-content\/uploads\/sites\/19\/2023\/09\/Balikesir-Karbon-kece-epoksi-kaplama-sistemleri-54176.webp'><img loading=\"lazy\" decoding=\"async\" width=\"853\" height=\"1200\" src=\"https:\/\/kolon-guclendirme.com\/balikesir\/wp-content\/uploads\/sites\/19\/2023\/09\/Balikesir-Karbon-kece-epoksi-kaplama-sistemleri-54176.webp\" class=\"attachment-large size-large\" alt=\"Marmara Frp elyaf bina g\u00fc\u00e7lendirme firmalar\u0131\" srcset=\"https:\/\/kolon-guclendirme.com\/balikesir\/wp-content\/uploads\/sites\/19\/2023\/09\/Balikesir-Karbon-kece-epoksi-kaplama-sistemleri-54176.webp 853w, https:\/\/kolon-guclendirme.com\/balikesir\/wp-content\/uploads\/sites\/19\/2023\/09\/Balikesir-Karbon-kece-epoksi-kaplama-sistemleri-54176-768x1080.webp 768w\" sizes=\"(max-width: 853px) 100vw, 853px\" \/><\/a>\n\t\t\t<\/div><\/figure><figure class='gallery-item'>\n\t\t\t<div class='gallery-icon portrait'>\n\t\t\t\t<a href='https:\/\/kolon-guclendirme.com\/balikesir\/wp-content\/uploads\/sites\/19\/2023\/09\/Balikesir-karbon-fiber-kolon-guclendirme-maliyeti-6195.webp'><img loading=\"lazy\" decoding=\"async\" width=\"853\" height=\"1200\" src=\"https:\/\/kolon-guclendirme.com\/balikesir\/wp-content\/uploads\/sites\/19\/2023\/09\/Balikesir-karbon-fiber-kolon-guclendirme-maliyeti-6195.webp\" class=\"attachment-large size-large\" alt=\"Ayval\u0131k karbon fiber ile g\u00fc\u00e7lendirme i\u015fleri\" srcset=\"https:\/\/kolon-guclendirme.com\/balikesir\/wp-content\/uploads\/sites\/19\/2023\/09\/Balikesir-karbon-fiber-kolon-guclendirme-maliyeti-6195.webp 853w, https:\/\/kolon-guclendirme.com\/balikesir\/wp-content\/uploads\/sites\/19\/2023\/09\/Balikesir-karbon-fiber-kolon-guclendirme-maliyeti-6195-768x1080.webp 768w\" sizes=\"(max-width: 853px) 100vw, 853px\" \/><\/a>\n\t\t\t<\/div><\/figure>\n\t\t<\/div>\n<\/p>\n","protected":false},"excerpt":{"rendered":"<p>Bal\u0131kesir Ayval\u0131k karbon fiber ile g\u00fc\u00e7lendirme i\u015fleri Ayval\u0131k&#8217;ta yap\u0131lan karbon fiber ile g\u00fc\u00e7lendirme i\u015fleri, binalar\u0131n dayan\u0131kl\u0131l\u0131\u011f\u0131n\u0131 art\u0131rarak depreme kar\u015f\u0131 g\u00fcvenli\u011fi sa\u011flar. Bu inovasyon, Bal\u0131kesir il\u00e7esinde yap\u0131 sekt\u00f6r\u00fcnde \u00f6nemli bir ad\u0131m\u0131 &#8230;<\/p>\n","protected":false},"author":0,"featured_media":1591,"comment_status":"","ping_status":"open","sticky":false,"template":"","format":"standard","meta":{"footnotes":""},"categories":[143],"tags":[116,43,9,144,27],"_links":{"self":[{"href":"https:\/\/kolon-guclendirme.com\/balikesir\/wp-json\/wp\/v2\/posts\/1792"}],"collection":[{"href":"https:\/\/kolon-guclendirme.com\/balikesir\/wp-json\/wp\/v2\/posts"}],"about":[{"href":"https:\/\/kolon-guclendirme.com\/balikesir\/wp-json\/wp\/v2\/types\/post"}],"replies":[{"embeddable":true,"href":"https:\/\/kolon-guclendirme.com\/balikesir\/wp-json\/wp\/v2\/comments?post=1792"}],"version-history":[{"count":0,"href":"https:\/\/kolon-guclendirme.com\/balikesir\/wp-json\/wp\/v2\/posts\/1792\/revisions"}],"wp:featuredmedia":[{"embeddable":true,"href":"https:\/\/kolon-guclendirme.com\/balikesir\/wp-json\/wp\/v2\/media\/1591"}],"wp:attachment":[{"href":"https:\/\/kolon-guclendirme.com\/balikesir\/wp-json\/wp\/v2\/media?parent=1792"}],"wp:term":[{"taxonomy":"category","embeddable":true,"href":"https:\/\/kolon-guclendirme.com\/balikesir\/wp-json\/wp\/v2\/categories?post=1792"},{"taxonomy":"post_tag","embeddable":true,"href":"https:\/\/kolon-guclendirme.com\/balikesir\/wp-json\/wp\/v2\/tags?post=1792"}],"curies":[{"name":"wp","href":"https:\/\/api.w.org\/{rel}","templated":true}]}}