{"id":1788,"date":"2023-10-01T15:05:48","date_gmt":"2023-10-01T12:05:48","guid":{"rendered":"https:\/\/kolon-guclendirme.com\/balikesir\/bigadic-karbon-elyaf-duvar-guclendirme-firmalari\/"},"modified":"2023-10-01T15:05:48","modified_gmt":"2023-10-01T12:05:48","slug":"bigadic-karbon-elyaf-duvar-guclendirme-firmalari","status":"publish","type":"post","link":"https:\/\/kolon-guclendirme.com\/balikesir\/bigadic-karbon-elyaf-duvar-guclendirme-firmalari\/","title":{"rendered":"Bigadi\u00e7 Karbon elyaf duvar g\u00fc\u00e7lendirme firmalar\u0131"},"content":{"rendered":"<h1>Bal\u0131kesir Bigadi\u00e7 Karbon elyaf duvar g\u00fc\u00e7lendirme firmalar\u0131<\/h1>\n<p>Bigadi\u00e7, Bal\u0131kesir ilinin bir il\u00e7esidir. Bu b\u00f6lge, yap\u0131lar\u0131n karbon elyaf duvar g\u00fc\u00e7lendirme ihtiya\u00e7lar\u0131n\u0131 kar\u015f\u0131layan birka\u00e7 \u00f6nde gelen firma ile tan\u0131n\u0131r. Karbon elyaf, beton yap\u0131lar\u0131 g\u00fc\u00e7lendirmek i\u00e7in m\u00fckemmel bir se\u00e7enektir. \u0130\u015fte Bigadi\u00e7&#8217;teki baz\u0131 \u00f6nemli karbon elyaf duvar g\u00fc\u00e7lendirme firmalar\u0131:<\/p>\n<p>1. **Bigadi\u00e7 \u0130n\u015faat**: Bigadi\u00e7 \u0130n\u015faat, uzun y\u0131llard\u0131r in\u015faat sekt\u00f6r\u00fcnde faaliyet g\u00f6stermektedir. Karbon elyaf duvar g\u00fc\u00e7lendirme konusundaki uzmanl\u0131klar\u0131 ile b\u00f6lgede tercih edilen bir firma haline gelmi\u015ftir.<\/p>\n<p>2. **ElyafTek**: ElyafTek, Bigadi\u00e7 il\u00e7esinde karbon elyaf ile yap\u0131 g\u00fc\u00e7lendirme konusunda lider bir firmad\u0131r. Tecr\u00fcbeli ekibi ve y\u00fcksek kaliteli malzemeleri ile projelerinizi g\u00fcvenle teslim edebilirsiniz.<\/p>\n<p>3. **G\u00fc\u00e7lendirme Profesyonelleri**: Bu firma, Bigadi\u00e7&#8217;te \u00e7e\u015fitli in\u015faat g\u00fc\u00e7lendirme hizmetleri sunar ve karbon elyaf duvar g\u00fc\u00e7lendirmelerinde uzmanla\u015fm\u0131\u015ft\u0131r. Projelerinize \u00f6zel \u00e7\u00f6z\u00fcmler sunarlar.<\/p>\n<p>Bu firmalar, yap\u0131lar\u0131n\u0131z\u0131n dayan\u0131kl\u0131l\u0131\u011f\u0131n\u0131 art\u0131rmak ve g\u00fcvence alt\u0131na almak isteyenler i\u00e7in Bigadi\u00e7 il\u00e7esindeki g\u00fcvenilir kaynaklard\u0131r. Karbon elyaf duvar g\u00fc\u00e7lendirme ile ilgili daha fazla bilgi almak ve projeleriniz i\u00e7in teklifler almak i\u00e7in bu firmalarla ileti\u015fime ge\u00e7ebilirsiniz.<div id='gallery-1' class='gallery galleryid-1788 gallery-columns-2 gallery-size-large'><figure class='gallery-item'>\n\t\t\t<div class='gallery-icon portrait'>\n\t\t\t\t<a href='https:\/\/kolon-guclendirme.com\/balikesir\/wp-content\/uploads\/sites\/19\/2023\/09\/Balikesir-Karbon-fiber-kaplama-31137.webp'><img loading=\"lazy\" decoding=\"async\" width=\"853\" height=\"1200\" src=\"https:\/\/kolon-guclendirme.com\/balikesir\/wp-content\/uploads\/sites\/19\/2023\/09\/Balikesir-Karbon-fiber-kaplama-31137.webp\" class=\"attachment-large size-large\" alt=\"Alt\u0131eyl\u00fcl Tavan frp lif kaplama fiyatlar\u0131\" srcset=\"https:\/\/kolon-guclendirme.com\/balikesir\/wp-content\/uploads\/sites\/19\/2023\/09\/Balikesir-Karbon-fiber-kaplama-31137.webp 853w, https:\/\/kolon-guclendirme.com\/balikesir\/wp-content\/uploads\/sites\/19\/2023\/09\/Balikesir-Karbon-fiber-kaplama-31137-768x1080.webp 768w\" sizes=\"(max-width: 853px) 100vw, 853px\" \/><\/a>\n\t\t\t<\/div><\/figure><figure class='gallery-item'>\n\t\t\t<div class='gallery-icon portrait'>\n\t\t\t\t<a href='https:\/\/kolon-guclendirme.com\/balikesir\/wp-content\/uploads\/sites\/19\/2023\/09\/Balikesir-karbon-fiber-kiris-guclendirme-20856.webp'><img loading=\"lazy\" decoding=\"async\" width=\"853\" height=\"1200\" src=\"https:\/\/kolon-guclendirme.com\/balikesir\/wp-content\/uploads\/sites\/19\/2023\/09\/Balikesir-karbon-fiber-kiris-guclendirme-20856.webp\" class=\"attachment-large size-large\" alt=\"Marmara Karbon fiber duvar g\u00fc\u00e7lendirme firmalar\u0131\" srcset=\"https:\/\/kolon-guclendirme.com\/balikesir\/wp-content\/uploads\/sites\/19\/2023\/09\/Balikesir-karbon-fiber-kiris-guclendirme-20856.webp 853w, https:\/\/kolon-guclendirme.com\/balikesir\/wp-content\/uploads\/sites\/19\/2023\/09\/Balikesir-karbon-fiber-kiris-guclendirme-20856-768x1080.webp 768w\" sizes=\"(max-width: 853px) 100vw, 853px\" \/><\/a>\n\t\t\t<\/div><\/figure>\n\t\t<\/div>\n<\/p>\n","protected":false},"excerpt":{"rendered":"<p>Bal\u0131kesir Bigadi\u00e7 Karbon elyaf duvar g\u00fc\u00e7lendirme firmalar\u0131 Bigadi\u00e7, Bal\u0131kesir ilinin bir il\u00e7esidir. Bu b\u00f6lge, yap\u0131lar\u0131n karbon elyaf duvar g\u00fc\u00e7lendirme ihtiya\u00e7lar\u0131n\u0131 kar\u015f\u0131layan birka\u00e7 \u00f6nde gelen firma ile tan\u0131n\u0131r. Karbon elyaf, beton &#8230;<\/p>\n","protected":false},"author":1,"featured_media":1660,"comment_status":"","ping_status":"open","sticky":false,"template":"","format":"standard","meta":{"footnotes":""},"categories":[140],"tags":[106,92,10,9,27],"_links":{"self":[{"href":"https:\/\/kolon-guclendirme.com\/balikesir\/wp-json\/wp\/v2\/posts\/1788"}],"collection":[{"href":"https:\/\/kolon-guclendirme.com\/balikesir\/wp-json\/wp\/v2\/posts"}],"about":[{"href":"https:\/\/kolon-guclendirme.com\/balikesir\/wp-json\/wp\/v2\/types\/post"}],"author":[{"embeddable":true,"href":"https:\/\/kolon-guclendirme.com\/balikesir\/wp-json\/wp\/v2\/users\/1"}],"replies":[{"embeddable":true,"href":"https:\/\/kolon-guclendirme.com\/balikesir\/wp-json\/wp\/v2\/comments?post=1788"}],"version-history":[{"count":0,"href":"https:\/\/kolon-guclendirme.com\/balikesir\/wp-json\/wp\/v2\/posts\/1788\/revisions"}],"wp:featuredmedia":[{"embeddable":true,"href":"https:\/\/kolon-guclendirme.com\/balikesir\/wp-json\/wp\/v2\/media\/1660"}],"wp:attachment":[{"href":"https:\/\/kolon-guclendirme.com\/balikesir\/wp-json\/wp\/v2\/media?parent=1788"}],"wp:term":[{"taxonomy":"category","embeddable":true,"href":"https:\/\/kolon-guclendirme.com\/balikesir\/wp-json\/wp\/v2\/categories?post=1788"},{"taxonomy":"post_tag","embeddable":true,"href":"https:\/\/kolon-guclendirme.com\/balikesir\/wp-json\/wp\/v2\/tags?post=1788"}],"curies":[{"name":"wp","href":"https:\/\/api.w.org\/{rel}","templated":true}]}}