{"id":176,"date":"2023-10-01T11:11:44","date_gmt":"2023-10-01T08:11:44","guid":{"rendered":"https:\/\/kolon-guclendirme.com\/balikesir\/balikesir-karbon-fiber-bina-guclendirme-nasil-yapilir\/"},"modified":"2023-10-01T11:11:45","modified_gmt":"2023-10-01T08:11:45","slug":"balikesir-karbon-fiber-bina-guclendirme-nasil-yapilir","status":"publish","type":"post","link":"https:\/\/kolon-guclendirme.com\/balikesir\/balikesir-karbon-fiber-bina-guclendirme-nasil-yapilir\/","title":{"rendered":"Bal\u0131kesir karbon fiber bina g\u00fc\u00e7lendirme nas\u0131l yap\u0131l\u0131r"},"content":{"rendered":"<p>Karbon fiber bina g\u00fc\u00e7lendirme, binalar\u0131n kar\u015f\u0131la\u015ft\u0131\u011f\u0131 y\u00fckleri ta\u015f\u0131yabilmesi i\u00e7in gerekli olan dayan\u0131kl\u0131 ve esnek bir yap\u0131 sa\u011flamak i\u00e7in kullan\u0131lan bir teknolojidir. Bu teknoloji, binalar\u0131n \u00e7\u00f6kmesini \u00f6nlemek veya meydana gelen hasar\u0131 azaltmak i\u00e7in kullan\u0131lan \u00e7imento, beton veya metal gibi malzemelere g\u00f6re \u00e7ok daha hafif ve esnektir. Karbon fiber, \u00e7evre dostu ve do\u011fal kaynaklar\u0131 korurken, ayn\u0131 zamanda binalar\u0131n daha dayan\u0131kl\u0131 hale gelmesini sa\u011flar. Karbon fiber bina g\u00fc\u00e7lendirme i\u015flemi, karbon fiber liflerinin beton veya \u00e7imento y\u00fczeylerine uygulanmas\u0131yla ger\u00e7ekle\u015ftirilir. Lifler, beton veya \u00e7imento y\u00fczeylerine kolayca uygulanabilir ve bina g\u00fc\u00e7<\/p>\n<p>        <!-- \/wp:paragraph --><\/p>\n<div id='gallery-1' class='gallery galleryid-176 gallery-columns-2 gallery-size-large'><figure class='gallery-item'>\n\t\t\t<div class='gallery-icon portrait'>\n\t\t\t\t<a href='https:\/\/kolon-guclendirme.com\/balikesir\/wp-content\/uploads\/sites\/19\/2023\/09\/Balikesir-Carbon-elyaf-bina-kaplama-sistemleri-31912.webp'><img loading=\"lazy\" decoding=\"async\" width=\"853\" height=\"1200\" src=\"https:\/\/kolon-guclendirme.com\/balikesir\/wp-content\/uploads\/sites\/19\/2023\/09\/Balikesir-Carbon-elyaf-bina-kaplama-sistemleri-31912.webp\" class=\"attachment-large size-large\" alt=\"\" srcset=\"https:\/\/kolon-guclendirme.com\/balikesir\/wp-content\/uploads\/sites\/19\/2023\/09\/Balikesir-Carbon-elyaf-bina-kaplama-sistemleri-31912.webp 853w, https:\/\/kolon-guclendirme.com\/balikesir\/wp-content\/uploads\/sites\/19\/2023\/09\/Balikesir-Carbon-elyaf-bina-kaplama-sistemleri-31912-768x1080.webp 768w\" sizes=\"(max-width: 853px) 100vw, 853px\" \/><\/a>\n\t\t\t<\/div><\/figure><figure class='gallery-item'>\n\t\t\t<div class='gallery-icon portrait'>\n\t\t\t\t<a href='https:\/\/kolon-guclendirme.com\/balikesir\/wp-content\/uploads\/sites\/19\/2023\/09\/Balikesir-Zemin-frp-fiber-kaplama-firmasi-56934.webp'><img loading=\"lazy\" decoding=\"async\" width=\"853\" height=\"1200\" src=\"https:\/\/kolon-guclendirme.com\/balikesir\/wp-content\/uploads\/sites\/19\/2023\/09\/Balikesir-Zemin-frp-fiber-kaplama-firmasi-56934.webp\" class=\"attachment-large size-large\" alt=\"Band\u0131rma Yap\u0131 frp kaplama malzemesi\" srcset=\"https:\/\/kolon-guclendirme.com\/balikesir\/wp-content\/uploads\/sites\/19\/2023\/09\/Balikesir-Zemin-frp-fiber-kaplama-firmasi-56934.webp 853w, https:\/\/kolon-guclendirme.com\/balikesir\/wp-content\/uploads\/sites\/19\/2023\/09\/Balikesir-Zemin-frp-fiber-kaplama-firmasi-56934-768x1080.webp 768w\" sizes=\"(max-width: 853px) 100vw, 853px\" \/><\/a>\n\t\t\t<\/div><\/figure>\n\t\t<\/div>\n\n","protected":false},"excerpt":{"rendered":"<p>Karbon fiber bina g\u00fc\u00e7lendirme, binalar\u0131n kar\u015f\u0131la\u015ft\u0131\u011f\u0131 y\u00fckleri ta\u015f\u0131yabilmesi i\u00e7in gerekli olan dayan\u0131kl\u0131 ve esnek bir yap\u0131 sa\u011flamak i\u00e7in kullan\u0131lan bir teknolojidir. Bu teknoloji, binalar\u0131n \u00e7\u00f6kmesini \u00f6nlemek veya meydana gelen hasar\u0131 &#8230;<\/p>\n","protected":false},"author":1,"featured_media":1600,"comment_status":"open","ping_status":"open","sticky":false,"template":"","format":"standard","meta":{"footnotes":""},"categories":[1],"tags":[14,52,43,9,78],"_links":{"self":[{"href":"https:\/\/kolon-guclendirme.com\/balikesir\/wp-json\/wp\/v2\/posts\/176"}],"collection":[{"href":"https:\/\/kolon-guclendirme.com\/balikesir\/wp-json\/wp\/v2\/posts"}],"about":[{"href":"https:\/\/kolon-guclendirme.com\/balikesir\/wp-json\/wp\/v2\/types\/post"}],"author":[{"embeddable":true,"href":"https:\/\/kolon-guclendirme.com\/balikesir\/wp-json\/wp\/v2\/users\/1"}],"replies":[{"embeddable":true,"href":"https:\/\/kolon-guclendirme.com\/balikesir\/wp-json\/wp\/v2\/comments?post=176"}],"version-history":[{"count":1,"href":"https:\/\/kolon-guclendirme.com\/balikesir\/wp-json\/wp\/v2\/posts\/176\/revisions"}],"predecessor-version":[{"id":1719,"href":"https:\/\/kolon-guclendirme.com\/balikesir\/wp-json\/wp\/v2\/posts\/176\/revisions\/1719"}],"wp:featuredmedia":[{"embeddable":true,"href":"https:\/\/kolon-guclendirme.com\/balikesir\/wp-json\/wp\/v2\/media\/1600"}],"wp:attachment":[{"href":"https:\/\/kolon-guclendirme.com\/balikesir\/wp-json\/wp\/v2\/media?parent=176"}],"wp:term":[{"taxonomy":"category","embeddable":true,"href":"https:\/\/kolon-guclendirme.com\/balikesir\/wp-json\/wp\/v2\/categories?post=176"},{"taxonomy":"post_tag","embeddable":true,"href":"https:\/\/kolon-guclendirme.com\/balikesir\/wp-json\/wp\/v2\/tags?post=176"}],"curies":[{"name":"wp","href":"https:\/\/api.w.org\/{rel}","templated":true}]}}