{"id":128,"date":"2023-10-01T11:11:49","date_gmt":"2023-10-01T08:11:49","guid":{"rendered":"https:\/\/kolon-guclendirme.com\/balikesir\/balikesir-frp-elyaf-duvar-guclendirme\/"},"modified":"2023-10-01T11:11:49","modified_gmt":"2023-10-01T08:11:49","slug":"balikesir-frp-elyaf-duvar-guclendirme","status":"publish","type":"post","link":"https:\/\/kolon-guclendirme.com\/balikesir\/balikesir-frp-elyaf-duvar-guclendirme\/","title":{"rendered":"Bal\u0131kesir Frp elyaf duvar g\u00fc\u00e7lendirme"},"content":{"rendered":"<p>Bal\u0131kesir\u2019de frp elyaf duvar g\u00fc\u00e7lendirme, binalar\u0131n y\u00fcksek kalitesinden emin olmak i\u00e7in \u00f6nemli bir \u00e7\u00f6z\u00fcmd\u00fcr. Frp elyaf g\u00fc\u00e7lendirme, betonun \u00f6zelliklerini artt\u0131rmak ve \u00f6m\u00fcr boyu dayan\u0131kl\u0131l\u0131k sa\u011flamak i\u00e7in kullan\u0131l\u0131r. Bu g\u00fc\u00e7lendirme, betona kar\u015f\u0131 daha y\u00fcksek diren\u00e7 ve k\u0131r\u0131lma mukavemeti sa\u011flar. Frp elyaf duvar g\u00fc\u00e7lendirme, betonu hasar g\u00f6rmesi durumunda onar\u0131lmas\u0131n\u0131 kolayla\u015ft\u0131r\u0131r. Ayr\u0131ca, bu \u00e7\u00f6z\u00fcm, betonun kal\u0131nl\u0131\u011f\u0131n\u0131 azalt\u0131r ve maliyeti d\u00fc\u015f\u00fcr\u00fcr. Frp elyaf duvar g\u00fc\u00e7lendirme, Bal\u0131kesir\u2019deki binalar\u0131n \u00f6m\u00fcr boyu dayan\u0131kl\u0131l\u0131\u011f\u0131n\u0131 artt\u0131r\u0131r.<\/p>\n<p>        <!-- \/wp:paragraph --><\/p>\n<div id='gallery-1' class='gallery galleryid-128 gallery-columns-2 gallery-size-large'><figure class='gallery-item'>\n\t\t\t<div class='gallery-icon portrait'>\n\t\t\t\t<a href='https:\/\/kolon-guclendirme.com\/balikesir\/wp-content\/uploads\/sites\/19\/2023\/09\/Balikesir-Zemin-frp-elyaf-kaplama-firmalari-80605.webp'><img loading=\"lazy\" decoding=\"async\" width=\"853\" height=\"1200\" src=\"https:\/\/kolon-guclendirme.com\/balikesir\/wp-content\/uploads\/sites\/19\/2023\/09\/Balikesir-Zemin-frp-elyaf-kaplama-firmalari-80605.webp\" class=\"attachment-large size-large\" alt=\"\" srcset=\"https:\/\/kolon-guclendirme.com\/balikesir\/wp-content\/uploads\/sites\/19\/2023\/09\/Balikesir-Zemin-frp-elyaf-kaplama-firmalari-80605.webp 853w, https:\/\/kolon-guclendirme.com\/balikesir\/wp-content\/uploads\/sites\/19\/2023\/09\/Balikesir-Zemin-frp-elyaf-kaplama-firmalari-80605-768x1080.webp 768w\" sizes=\"(max-width: 853px) 100vw, 853px\" \/><\/a>\n\t\t\t<\/div><\/figure><figure class='gallery-item'>\n\t\t\t<div class='gallery-icon portrait'>\n\t\t\t\t<a href='https:\/\/kolon-guclendirme.com\/balikesir\/wp-content\/uploads\/sites\/19\/2023\/09\/Balikesir-Frp-guclendirme-fiyati-64950.webp'><img loading=\"lazy\" decoding=\"async\" width=\"853\" height=\"1200\" src=\"https:\/\/kolon-guclendirme.com\/balikesir\/wp-content\/uploads\/sites\/19\/2023\/09\/Balikesir-Frp-guclendirme-fiyati-64950.webp\" class=\"attachment-large size-large\" alt=\"Band\u0131rma Yap\u0131 frp kaplama malzemesi\" srcset=\"https:\/\/kolon-guclendirme.com\/balikesir\/wp-content\/uploads\/sites\/19\/2023\/09\/Balikesir-Frp-guclendirme-fiyati-64950.webp 853w, https:\/\/kolon-guclendirme.com\/balikesir\/wp-content\/uploads\/sites\/19\/2023\/09\/Balikesir-Frp-guclendirme-fiyati-64950-768x1080.webp 768w\" sizes=\"(max-width: 853px) 100vw, 853px\" \/><\/a>\n\t\t\t<\/div><\/figure>\n\t\t<\/div>\n\n","protected":false},"excerpt":{"rendered":"<p>Bal\u0131kesir\u2019de frp elyaf duvar g\u00fc\u00e7lendirme, binalar\u0131n y\u00fcksek kalitesinden emin olmak i\u00e7in \u00f6nemli bir \u00e7\u00f6z\u00fcmd\u00fcr. Frp elyaf g\u00fc\u00e7lendirme, betonun \u00f6zelliklerini artt\u0131rmak ve \u00f6m\u00fcr boyu dayan\u0131kl\u0131l\u0131k sa\u011flamak i\u00e7in kullan\u0131l\u0131r. Bu g\u00fc\u00e7lendirme, betona &#8230;<\/p>\n","protected":false},"author":1,"featured_media":1491,"comment_status":"open","ping_status":"open","sticky":false,"template":"","format":"standard","meta":{"footnotes":""},"categories":[1],"tags":[52,92,10,9,93],"_links":{"self":[{"href":"https:\/\/kolon-guclendirme.com\/balikesir\/wp-json\/wp\/v2\/posts\/128"}],"collection":[{"href":"https:\/\/kolon-guclendirme.com\/balikesir\/wp-json\/wp\/v2\/posts"}],"about":[{"href":"https:\/\/kolon-guclendirme.com\/balikesir\/wp-json\/wp\/v2\/types\/post"}],"author":[{"embeddable":true,"href":"https:\/\/kolon-guclendirme.com\/balikesir\/wp-json\/wp\/v2\/users\/1"}],"replies":[{"embeddable":true,"href":"https:\/\/kolon-guclendirme.com\/balikesir\/wp-json\/wp\/v2\/comments?post=128"}],"version-history":[{"count":1,"href":"https:\/\/kolon-guclendirme.com\/balikesir\/wp-json\/wp\/v2\/posts\/128\/revisions"}],"predecessor-version":[{"id":1727,"href":"https:\/\/kolon-guclendirme.com\/balikesir\/wp-json\/wp\/v2\/posts\/128\/revisions\/1727"}],"wp:featuredmedia":[{"embeddable":true,"href":"https:\/\/kolon-guclendirme.com\/balikesir\/wp-json\/wp\/v2\/media\/1491"}],"wp:attachment":[{"href":"https:\/\/kolon-guclendirme.com\/balikesir\/wp-json\/wp\/v2\/media?parent=128"}],"wp:term":[{"taxonomy":"category","embeddable":true,"href":"https:\/\/kolon-guclendirme.com\/balikesir\/wp-json\/wp\/v2\/categories?post=128"},{"taxonomy":"post_tag","embeddable":true,"href":"https:\/\/kolon-guclendirme.com\/balikesir\/wp-json\/wp\/v2\/tags?post=128"}],"curies":[{"name":"wp","href":"https:\/\/api.w.org\/{rel}","templated":true}]}}